{"id":10141,"date":"2018-03-20T16:20:56","date_gmt":"2018-03-20T19:20:56","guid":{"rendered":"https:\/\/direito.ufpr.br\/?post_type=informativos&#038;p=8404"},"modified":"2024-04-30T11:50:23","modified_gmt":"2024-04-30T14:50:23","slug":"inscricoes-abertas-teste-seletivo-para-a-selecao-de-professor-substituto-no-departamento-de-direito-civil-e-processual-civil-2","status":"publish","type":"post","link":"https:\/\/direito.ufpr.br\/?p=10141","title":{"rendered":"Edital n\u00b0039\/18-PROGEPE  &#8211;  Teste seletivo para a sele\u00e7\u00e3o de professor substituto Departamento de Direito Civil e Processual Civil"},"content":{"rendered":"<p><a href=\"https:\/\/direito.ufpr.br\/wp-content\/uploads\/2018\/03\/edital039-18-2.pdf\">EDITAL N.\u00ba 039\/18 \u2013 PROGEPE<\/a><\/p>\n<p><a href=\"https:\/\/direito.ufpr.br\/wp-content\/uploads\/2018\/03\/Programa-Teste-Seletivo-Direito-Civil-2018-2.pdf\">Programa Teste Seletivo &#8211; Direito Civil 2018<\/a><\/p>\n<p><a href=\"https:\/\/direito.ufpr.br\/wp-content\/uploads\/2018\/03\/Ata-de-Homologa\u00e7\u00e3o-das-Inscri\u00e7\u00f5es-2.pdf\">Ata de Homologa\u00e7\u00e3o das Inscri\u00e7\u00f5es<\/a><\/p>\n<p><a href=\"https:\/\/direito.ufpr.br\/wp-content\/uploads\/2018\/03\/3-Edital-Cronograma-do-Teste-Seletivo-1.pdf\">Cronograma do Teste Seletivo<\/a><\/p>\n<p><a href=\"https:\/\/direito.ufpr.br\/wp-content\/uploads\/2018\/03\/4-Edital-Habilitados-na-Prova-de-Curr\u00edculo-1.pdf\">Habilitados na Prova de Curr\u00edculo<\/a><\/p>\n<p><a href=\"https:\/\/direito.ufpr.br\/wp-content\/uploads\/2018\/03\/Parecer-Conclusivo-Direito-Civil-2018-1.pdf\">Parecer Conclusivo &#8211; Direito Civil 2018<\/a><\/p>\n<p>&nbsp;<\/p>\n","protected":false},"excerpt":{"rendered":"<p>EDITAL N.\u00ba 039\/18 \u2013 PROGEPE Programa Teste Seletivo &#8211; Direito Civil 2018 Ata de Homologa\u00e7\u00e3o das Inscri\u00e7\u00f5es Cronograma do Teste Seletivo Habilitados na Prova de Curr\u00edculo Parecer Conclusivo &#8211; Direito Civil 2018 &nbsp;<\/p>\n","protected":false},"author":54,"featured_media":0,"comment_status":"closed","ping_status":"closed","sticky":false,"template":"","format":"standard","meta":{"_acf_changed":false,"_eb_attr":"","footnotes":""},"categories":[122,126],"tags":[],"class_list":["post-10141","post","type-post","status-publish","format-standard","hentry","category-concursos-publicos","category-direito-civil-e-processual-civil"],"acf":[],"_links":{"self":[{"href":"https:\/\/direito.ufpr.br\/index.php?rest_route=\/wp\/v2\/posts\/10141","targetHints":{"allow":["GET"]}}],"collection":[{"href":"https:\/\/direito.ufpr.br\/index.php?rest_route=\/wp\/v2\/posts"}],"about":[{"href":"https:\/\/direito.ufpr.br\/index.php?rest_route=\/wp\/v2\/types\/post"}],"author":[{"embeddable":true,"href":"https:\/\/direito.ufpr.br\/index.php?rest_route=\/wp\/v2\/users\/54"}],"replies":[{"embeddable":true,"href":"https:\/\/direito.ufpr.br\/index.php?rest_route=%2Fwp%2Fv2%2Fcomments&post=10141"}],"version-history":[{"count":2,"href":"https:\/\/direito.ufpr.br\/index.php?rest_route=\/wp\/v2\/posts\/10141\/revisions"}],"predecessor-version":[{"id":13326,"href":"https:\/\/direito.ufpr.br\/index.php?rest_route=\/wp\/v2\/posts\/10141\/revisions\/13326"}],"wp:attachment":[{"href":"https:\/\/direito.ufpr.br\/index.php?rest_route=%2Fwp%2Fv2%2Fmedia&parent=10141"}],"wp:term":[{"taxonomy":"category","embeddable":true,"href":"https:\/\/direito.ufpr.br\/index.php?rest_route=%2Fwp%2Fv2%2Fcategories&post=10141"},{"taxonomy":"post_tag","embeddable":true,"href":"https:\/\/direito.ufpr.br\/index.php?rest_route=%2Fwp%2Fv2%2Ftags&post=10141"}],"curies":[{"name":"wp","href":"https:\/\/api.w.org\/{rel}","templated":true}]}}