{"id":13152,"date":"2019-01-18T12:19:48","date_gmt":"2019-01-18T14:19:48","guid":{"rendered":"https:\/\/direito.ufpr.br\/?p=13152"},"modified":"2019-02-12T09:16:46","modified_gmt":"2019-02-12T11:16:46","slug":"selecao-de-estagiarios-informatica","status":"publish","type":"post","link":"https:\/\/direito.ufpr.br\/?p=13152","title":{"rendered":"Sele\u00e7\u00e3o de Estagi\u00e1rios &#8211; Inform\u00e1tica (Atualizado em 06\/02\/2018)"},"content":{"rendered":"<p>A Dire\u00e7\u00e3o da Faculdade de Direito torna p\u00fablica a abertura da sele\u00e7\u00e3o para estagi\u00e1rios para atuar junto ao Departamento de Tecnologia e Inform\u00e1tica do setor, confira o edital:<\/p>\n<p>&#8211; <a href=\"https:\/\/direito.ufpr.br\/wp-content\/uploads\/2019\/01\/Edital-n\u00ba-02-19-SCJ-Convoca\u00e7\u00e3o-Estagi\u00e1rios-de-TI-Entrevista.pdf\">Edital n\u00ba 02-19-SCJ<\/a>: Convoca\u00e7\u00e3o para Entrevista (Dispon\u00edvel em 06\/02\/2019 \u00e0s 14h20)<\/p>\n<p>&#8211; <a href=\"https:\/\/direito.ufpr.br\/wp-content\/uploads\/2019\/01\/Edital-n\u00ba-01-19-SCJ-Sele\u00e7\u00e3o-Estagi\u00e1rios-de-TI.pdf\">Edital n\u00ba 01-19-SCJ<\/a>: Abertura de Sele\u00e7\u00e3o de Estagi\u00e1rios de Inform\u00e1tica (Dispon\u00edvel em 18\/01\/2019 \u00e0s 12h30)<\/p>\n","protected":false},"excerpt":{"rendered":"<p>A Dire\u00e7\u00e3o da Faculdade de Direito torna p\u00fablica a abertura da sele\u00e7\u00e3o para estagi\u00e1rios para atuar junto ao Departamento de Tecnologia e Inform\u00e1tica do setor, confira o edital: &#8211; Edital n\u00ba 02-19-SCJ: Convoca\u00e7\u00e3o para Entrevista (Dispon\u00edvel em 06\/02\/2019 \u00e0s 14h20) &#8211; Edital n\u00ba 01-19-SCJ: Abertura de Sele\u00e7\u00e3o de Estagi\u00e1rios de Inform\u00e1tica (Dispon\u00edvel em 18\/01\/2019 \u00e0s [&hellip;]<\/p>\n","protected":false},"author":14,"featured_media":0,"comment_status":"open","ping_status":"open","sticky":false,"template":"","format":"standard","meta":{"_acf_changed":false,"_eb_attr":"","footnotes":""},"categories":[90,88],"tags":[],"class_list":["post-13152","post","type-post","status-publish","format-standard","hentry","category-editais","category-editais-direcao"],"acf":[],"_links":{"self":[{"href":"https:\/\/direito.ufpr.br\/index.php?rest_route=\/wp\/v2\/posts\/13152","targetHints":{"allow":["GET"]}}],"collection":[{"href":"https:\/\/direito.ufpr.br\/index.php?rest_route=\/wp\/v2\/posts"}],"about":[{"href":"https:\/\/direito.ufpr.br\/index.php?rest_route=\/wp\/v2\/types\/post"}],"author":[{"embeddable":true,"href":"https:\/\/direito.ufpr.br\/index.php?rest_route=\/wp\/v2\/users\/14"}],"replies":[{"embeddable":true,"href":"https:\/\/direito.ufpr.br\/index.php?rest_route=%2Fwp%2Fv2%2Fcomments&post=13152"}],"version-history":[{"count":6,"href":"https:\/\/direito.ufpr.br\/index.php?rest_route=\/wp\/v2\/posts\/13152\/revisions"}],"predecessor-version":[{"id":13435,"href":"https:\/\/direito.ufpr.br\/index.php?rest_route=\/wp\/v2\/posts\/13152\/revisions\/13435"}],"wp:attachment":[{"href":"https:\/\/direito.ufpr.br\/index.php?rest_route=%2Fwp%2Fv2%2Fmedia&parent=13152"}],"wp:term":[{"taxonomy":"category","embeddable":true,"href":"https:\/\/direito.ufpr.br\/index.php?rest_route=%2Fwp%2Fv2%2Fcategories&post=13152"},{"taxonomy":"post_tag","embeddable":true,"href":"https:\/\/direito.ufpr.br\/index.php?rest_route=%2Fwp%2Fv2%2Ftags&post=13152"}],"curies":[{"name":"wp","href":"https:\/\/api.w.org\/{rel}","templated":true}]}}