{"id":13206,"date":"2018-03-27T14:26:43","date_gmt":"2018-03-27T17:26:43","guid":{"rendered":"https:\/\/direito.ufpr.br\/?p=13206"},"modified":"2019-01-25T18:02:06","modified_gmt":"2019-01-25T20:02:06","slug":"edital-091-18-progepe-teste-seletivo-teoria-do-direito-e-filosofia-do-direito-2018","status":"publish","type":"post","link":"https:\/\/direito.ufpr.br\/?p=13206","title":{"rendered":"Edital n\u00b0091\/18-PROGEPE  &#8211;  Teste seletivo &#8211; Teoria do Direito e Filosofia do Direito"},"content":{"rendered":"<p><a href=\"https:\/\/direito.ufpr.br\/wp-content\/uploads\/2018\/04\/Edital-091-18-PROGEPE-1-1.pdf\">Edital 091-18-PROGEPE<\/a><\/p>\n<p><a href=\"https:\/\/direito.ufpr.br\/wp-content\/uploads\/2018\/04\/Programa-Teste-Seletivo-Teoria-e-Filosofia-do-Direito-1-1.pdf\">Programa Teste Seletivo Teoria e Filosofia do Direito\u00a0<\/a><\/p>\n<p><a href=\"https:\/\/direito.ufpr.br\/wp-content\/uploads\/2018\/04\/2-Edital-Homologa\u00e7\u00e3o-das-Inscri\u00e7\u00f5es-1.pdf\">Homologa\u00e7\u00e3o das Inscri\u00e7\u00f5es<\/a>\u00a0(Publicado em 18\/04\/18)<\/p>\n<p><a href=\"https:\/\/direito.ufpr.br\/wp-content\/uploads\/2018\/04\/3-Edital-Cronograma-do-Teste-Seletivo-novo-2.pdf\">Cronograma do Teste Seletivo<\/a> (Publicado em 18\/04\/18)<\/p>\n<p><a href=\"https:\/\/direito.ufpr.br\/wp-content\/uploads\/2018\/04\/4-Edital-Habilitados-na-Prova-de-Curr\u00edculo-2.pdf\">Habilitados na Prova de Curr\u00edculo<\/a>\u00a0(Publicado em 19\/04\/18 -17h36)<\/p>\n<p><a href=\"https:\/\/direito.ufpr.br\/wp-content\/uploads\/2018\/04\/7-Ata-do-sorteio-de-ponto-2.pdf\">Sorteio do Ponto da Prova Did\u00e1tica<\/a>\u00a0(Publicado em 23\/04\/18)<\/p>\n<p><a href=\"https:\/\/direito.ufpr.br\/wp-content\/uploads\/2018\/04\/10-Parecer-Conclusivo-4.pdf\">Parecer Conclusivo<\/a>\u00a0(Publicado em 24\/04\/18)<\/p>\n<p>&nbsp;<\/p>\n","protected":false},"excerpt":{"rendered":"<p>Edital 091-18-PROGEPE Programa Teste Seletivo Teoria e Filosofia do Direito\u00a0 Homologa\u00e7\u00e3o das Inscri\u00e7\u00f5es\u00a0(Publicado em 18\/04\/18) Cronograma do Teste Seletivo (Publicado em 18\/04\/18) Habilitados na Prova de Curr\u00edculo\u00a0(Publicado em 19\/04\/18 -17h36) Sorteio do Ponto da Prova Did\u00e1tica\u00a0(Publicado em 23\/04\/18) Parecer Conclusivo\u00a0(Publicado em 24\/04\/18) &nbsp;<\/p>\n","protected":false},"author":9,"featured_media":0,"comment_status":"open","ping_status":"open","sticky":false,"template":"","format":"standard","meta":{"_acf_changed":false,"_eb_attr":"","footnotes":""},"categories":[128],"tags":[],"class_list":["post-13206","post","type-post","status-publish","format-standard","hentry","category-direito-privado"],"acf":[],"_links":{"self":[{"href":"https:\/\/direito.ufpr.br\/index.php?rest_route=\/wp\/v2\/posts\/13206","targetHints":{"allow":["GET"]}}],"collection":[{"href":"https:\/\/direito.ufpr.br\/index.php?rest_route=\/wp\/v2\/posts"}],"about":[{"href":"https:\/\/direito.ufpr.br\/index.php?rest_route=\/wp\/v2\/types\/post"}],"author":[{"embeddable":true,"href":"https:\/\/direito.ufpr.br\/index.php?rest_route=\/wp\/v2\/users\/9"}],"replies":[{"embeddable":true,"href":"https:\/\/direito.ufpr.br\/index.php?rest_route=%2Fwp%2Fv2%2Fcomments&post=13206"}],"version-history":[{"count":4,"href":"https:\/\/direito.ufpr.br\/index.php?rest_route=\/wp\/v2\/posts\/13206\/revisions"}],"predecessor-version":[{"id":13294,"href":"https:\/\/direito.ufpr.br\/index.php?rest_route=\/wp\/v2\/posts\/13206\/revisions\/13294"}],"wp:attachment":[{"href":"https:\/\/direito.ufpr.br\/index.php?rest_route=%2Fwp%2Fv2%2Fmedia&parent=13206"}],"wp:term":[{"taxonomy":"category","embeddable":true,"href":"https:\/\/direito.ufpr.br\/index.php?rest_route=%2Fwp%2Fv2%2Fcategories&post=13206"},{"taxonomy":"post_tag","embeddable":true,"href":"https:\/\/direito.ufpr.br\/index.php?rest_route=%2Fwp%2Fv2%2Ftags&post=13206"}],"curies":[{"name":"wp","href":"https:\/\/api.w.org\/{rel}","templated":true}]}}