{"id":13211,"date":"2018-02-21T14:29:52","date_gmt":"2018-02-21T17:29:52","guid":{"rendered":"https:\/\/direito.ufpr.br\/?p=13211"},"modified":"2019-01-25T18:51:55","modified_gmt":"2019-01-25T20:51:55","slug":"edital-039-18-progepe-teste-seletivo-direito-civil-e-processual-civil-2018","status":"publish","type":"post","link":"https:\/\/direito.ufpr.br\/?p=13211","title":{"rendered":"Edital n\u00b0039\/18-PROGEPE &#8211; Teste Seletivo &#8211; Direito Civil e Processual Civil"},"content":{"rendered":"<p><a href=\"https:\/\/direito.ufpr.br\/wp-content\/uploads\/2018\/03\/edital039-18-2.pdf\">EDITAL N.\u00ba 039\/18 \u2013 PROGEPE<\/a><\/p>\n<p><a href=\"https:\/\/direito.ufpr.br\/wp-content\/uploads\/2018\/03\/Programa-Teste-Seletivo-Direito-Civil-2018-2.pdf\">Programa Teste Seletivo &#8211; Direito Civil 2018<\/a><\/p>\n<p><a href=\"https:\/\/direito.ufpr.br\/wp-content\/uploads\/2018\/03\/Ata-de-Homologa\u00e7\u00e3o-das-Inscri\u00e7\u00f5es-2.pdf\">Ata de Homologa\u00e7\u00e3o das Inscri\u00e7\u00f5es<\/a><\/p>\n<p><a href=\"https:\/\/direito.ufpr.br\/wp-content\/uploads\/2018\/03\/3-Edital-Cronograma-do-Teste-Seletivo-1.pdf\">Cronograma do Teste Seletivo<\/a><\/p>\n<p><a href=\"https:\/\/direito.ufpr.br\/wp-content\/uploads\/2018\/03\/4-Edital-Habilitados-na-Prova-de-Curr\u00edculo-1.pdf\">Habilitados na Prova de Curr\u00edculo<\/a><\/p>\n<p><a href=\"https:\/\/direito.ufpr.br\/wp-content\/uploads\/2018\/03\/Parecer-Conclusivo-Direito-Civil-2018-1.pdf\">Parecer Conclusivo &#8211; Direito Civil 2018<\/a><\/p>\n<p>&nbsp;<\/p>\n","protected":false},"excerpt":{"rendered":"<p>EDITAL N.\u00ba 039\/18 \u2013 PROGEPE Programa Teste Seletivo &#8211; Direito Civil 2018 Ata de Homologa\u00e7\u00e3o das Inscri\u00e7\u00f5es Cronograma do Teste Seletivo Habilitados na Prova de Curr\u00edculo Parecer Conclusivo &#8211; Direito Civil 2018 &nbsp;<\/p>\n","protected":false},"author":9,"featured_media":0,"comment_status":"open","ping_status":"open","sticky":false,"template":"","format":"standard","meta":{"_acf_changed":false,"_eb_attr":"","footnotes":""},"categories":[126],"tags":[],"class_list":["post-13211","post","type-post","status-publish","format-standard","hentry","category-direito-civil-e-processual-civil"],"acf":[],"_links":{"self":[{"href":"https:\/\/direito.ufpr.br\/index.php?rest_route=\/wp\/v2\/posts\/13211","targetHints":{"allow":["GET"]}}],"collection":[{"href":"https:\/\/direito.ufpr.br\/index.php?rest_route=\/wp\/v2\/posts"}],"about":[{"href":"https:\/\/direito.ufpr.br\/index.php?rest_route=\/wp\/v2\/types\/post"}],"author":[{"embeddable":true,"href":"https:\/\/direito.ufpr.br\/index.php?rest_route=\/wp\/v2\/users\/9"}],"replies":[{"embeddable":true,"href":"https:\/\/direito.ufpr.br\/index.php?rest_route=%2Fwp%2Fv2%2Fcomments&post=13211"}],"version-history":[{"count":3,"href":"https:\/\/direito.ufpr.br\/index.php?rest_route=\/wp\/v2\/posts\/13211\/revisions"}],"predecessor-version":[{"id":13323,"href":"https:\/\/direito.ufpr.br\/index.php?rest_route=\/wp\/v2\/posts\/13211\/revisions\/13323"}],"wp:attachment":[{"href":"https:\/\/direito.ufpr.br\/index.php?rest_route=%2Fwp%2Fv2%2Fmedia&parent=13211"}],"wp:term":[{"taxonomy":"category","embeddable":true,"href":"https:\/\/direito.ufpr.br\/index.php?rest_route=%2Fwp%2Fv2%2Fcategories&post=13211"},{"taxonomy":"post_tag","embeddable":true,"href":"https:\/\/direito.ufpr.br\/index.php?rest_route=%2Fwp%2Fv2%2Ftags&post=13211"}],"curies":[{"name":"wp","href":"https:\/\/api.w.org\/{rel}","templated":true}]}}