{"id":13247,"date":"2014-12-15T15:50:31","date_gmt":"2014-12-15T17:50:31","guid":{"rendered":"https:\/\/direito.ufpr.br\/?p=13247"},"modified":"2019-01-25T19:00:50","modified_gmt":"2019-01-25T21:00:50","slug":"edital-no526-14-progepe-concurso-publico-direito-processual-civil","status":"publish","type":"post","link":"https:\/\/direito.ufpr.br\/?p=13247","title":{"rendered":"Edital n\u00ba526\/14-PROGEPE \u2013 Concurso P\u00fablico  &#8211;  Direito Processual Civil"},"content":{"rendered":"<ul>\n<li>DIREITO PROCESSUAL CIVIL<\/li>\n<li><a href=\"https:\/\/direito.ufpr.br\/wp-content\/uploads\/2013\/08\/edital526-14-1.pdf\">EDITALN\u00ba<\/a><a href=\"https:\/\/direito.ufpr.br\/wp-content\/uploads\/2013\/08\/edital526-14-1.pdf\">\u00a0526\/14 &#8211; Direito Processual Civil &#8211; Inscri\u00e7\u00f5es: 05\/01\/2015 at\u00e9 03\/02\/2015<\/a><\/li>\n<li><a href=\"https:\/\/direito.ufpr.br\/wp-content\/uploads\/2015\/01\/Direito_Processual_Civil1-1.pdf\">Programa do concurso: DIREITO PROCESSUAL CIVIL<\/a><\/li>\n<li><a href=\"https:\/\/direito.ufpr.br\/wp-content\/uploads\/2015\/02\/EDITAL_02.15_HOMOLOGACAO_DAS-INSCRICOES-1.pdf\">EDITAL N\u00ba 02\/15<\/a><a href=\"https:\/\/direito.ufpr.br\/wp-content\/uploads\/2015\/02\/EDITAL_02.15_HOMOLOGACAO_DAS-INSCRICOES-1.pdf\">: Homologa\u00e7\u00e3o das inscri\u00e7\u00f5es<\/a><\/li>\n<li><a href=\"https:\/\/direito.ufpr.br\/wp-content\/uploads\/2015\/02\/Edital-Cronograma-Direito-Processual-Civil1-1.pdf\">EDITAL N\u00ba 03\/15: Cronograma do<span class=\"apple-converted-space\">\u00a0<\/span>concurso Direito Processual civil<\/a><\/li>\n<li><a href=\"https:\/\/direito.ufpr.br\/wp-content\/uploads\/2015\/02\/image2015-02-20-174945-1.pdf\">EDITAL N\u00ba <\/a><a href=\"https:\/\/direito.ufpr.br\/wp-content\/uploads\/2015\/02\/image2015-02-20-174945-1.pdf\">05\/15: Candidatos aprovados para a pr\u00f3xima fase do concurso Direito Processual Civil\u00a0(Prova Did\u00e1tica).<\/a><\/li>\n<li><a href=\"https:\/\/direito.ufpr.br\/wp-content\/uploads\/2015\/02\/image2015-02-20-202210-1.pdf\">EDITAL N\u00ba <\/a><a href=\"https:\/\/direito.ufpr.br\/wp-content\/uploads\/2015\/02\/image2015-02-20-202210-1.pdf\">\u00a006\/15: Candidatos\u00a0habilitados para a\u00a0pr\u00f3xima fase do concurso (Prova de Defesa do Curr\u00edculo):<\/a><\/li>\n<li><strong><a href=\"https:\/\/direito.ufpr.br\/wp-content\/uploads\/2015\/02\/EDITAL-07.12-Resultado-Final-Processual-Civil-1.pdf\">EDITAL N\u00ba <\/a><a href=\"https:\/\/direito.ufpr.br\/wp-content\/uploads\/2015\/02\/EDITAL-07.12-Resultado-Final-Processual-Civil-1.pdf\">07\/15: JD\/DIR\u00a0&#8211; Resultado final<\/a><\/strong><\/li>\n<\/ul>\n","protected":false},"excerpt":{"rendered":"<p>DIREITO PROCESSUAL CIVIL EDITALN\u00ba\u00a0526\/14 &#8211; Direito Processual Civil &#8211; Inscri\u00e7\u00f5es: 05\/01\/2015 at\u00e9 03\/02\/2015 Programa do concurso: DIREITO PROCESSUAL CIVIL EDITAL N\u00ba 02\/15: Homologa\u00e7\u00e3o das inscri\u00e7\u00f5es EDITAL N\u00ba 03\/15: Cronograma do\u00a0concurso Direito Processual civil EDITAL N\u00ba 05\/15: Candidatos aprovados para a pr\u00f3xima fase do concurso Direito Processual Civil\u00a0(Prova Did\u00e1tica). EDITAL N\u00ba \u00a006\/15: Candidatos\u00a0habilitados para a\u00a0pr\u00f3xima fase [&hellip;]<\/p>\n","protected":false},"author":9,"featured_media":0,"comment_status":"open","ping_status":"open","sticky":false,"template":"","format":"standard","meta":{"_acf_changed":false,"_eb_attr":"","footnotes":""},"categories":[126],"tags":[],"class_list":["post-13247","post","type-post","status-publish","format-standard","hentry","category-direito-civil-e-processual-civil"],"acf":[],"_links":{"self":[{"href":"https:\/\/direito.ufpr.br\/index.php?rest_route=\/wp\/v2\/posts\/13247","targetHints":{"allow":["GET"]}}],"collection":[{"href":"https:\/\/direito.ufpr.br\/index.php?rest_route=\/wp\/v2\/posts"}],"about":[{"href":"https:\/\/direito.ufpr.br\/index.php?rest_route=\/wp\/v2\/types\/post"}],"author":[{"embeddable":true,"href":"https:\/\/direito.ufpr.br\/index.php?rest_route=\/wp\/v2\/users\/9"}],"replies":[{"embeddable":true,"href":"https:\/\/direito.ufpr.br\/index.php?rest_route=%2Fwp%2Fv2%2Fcomments&post=13247"}],"version-history":[{"count":2,"href":"https:\/\/direito.ufpr.br\/index.php?rest_route=\/wp\/v2\/posts\/13247\/revisions"}],"predecessor-version":[{"id":13334,"href":"https:\/\/direito.ufpr.br\/index.php?rest_route=\/wp\/v2\/posts\/13247\/revisions\/13334"}],"wp:attachment":[{"href":"https:\/\/direito.ufpr.br\/index.php?rest_route=%2Fwp%2Fv2%2Fmedia&parent=13247"}],"wp:term":[{"taxonomy":"category","embeddable":true,"href":"https:\/\/direito.ufpr.br\/index.php?rest_route=%2Fwp%2Fv2%2Fcategories&post=13247"},{"taxonomy":"post_tag","embeddable":true,"href":"https:\/\/direito.ufpr.br\/index.php?rest_route=%2Fwp%2Fv2%2Ftags&post=13247"}],"curies":[{"name":"wp","href":"https:\/\/api.w.org\/{rel}","templated":true}]}}