{"id":13249,"date":"2015-08-07T15:53:41","date_gmt":"2015-08-07T18:53:41","guid":{"rendered":"https:\/\/direito.ufpr.br\/?p=13249"},"modified":"2019-01-25T15:54:36","modified_gmt":"2019-01-25T17:54:36","slug":"edital-no329-15-progepe-teste-seletivo-direito-constitucional-e-teoria-do-estado","status":"publish","type":"post","link":"https:\/\/direito.ufpr.br\/?p=13249","title":{"rendered":"Edital n\u00ba329\/15-PROGEPE &#8211; TESTE SELETIVO  &#8211;  Direito Constitucional e Teoria do Estado"},"content":{"rendered":"<ul>\n<li>PROFESSOR SUBSTITUTO: DIREITO CONSTITUCIONAL E TEORIA DO ESTADO<\/li>\n<li>Per\u00edodo das inscri\u00e7\u00f5es:\u00a0<strong>10\/08\/2015 at\u00e9 14\/08\/2015<\/strong><\/li>\n<li><a href=\"https:\/\/direito.ufpr.br\/wp-content\/uploads\/2015\/07\/programa-para-o-teste-seletivo-1.pdf\">Programa para o teste seletivo<\/a><\/li>\n<li><a style=\"color: #000099\" href=\"http:\/\/www.progepe.ufpr.br\/progepe\/concursos\/docente\/concursos_publicos\/editais\/edital329-15.pdf\" target=\"_blank\" rel=\"noopener\">Clique aqui para ler o edital completo ou acesse em www.progepe.ufpr.br \u00a0<\/a><\/li>\n<li><a href=\"https:\/\/direito.ufpr.br\/wp-content\/uploads\/2015\/08\/Edital-N21_15-1.pdf\">Edital N\u00b0 21\/15:\u00a0Homologa\u00e7\u00e3o das Inscri\u00e7\u00f5es \u00a0do Teste Seletivo para Professor Substituto de\u00a0Direito Constitucional e Teoria do Estado<\/a><\/li>\n<li><a href=\"https:\/\/direito.ufpr.br\/wp-content\/uploads\/2015\/08\/image2015-08-18-160639-1-1.pdf\">Edital N\u00ba22\/15: Cronograma<\/a><\/li>\n<li><a href=\"https:\/\/direito.ufpr.br\/wp-content\/uploads\/2015\/08\/Edital-23-15-Teste-Seletivo-Direito-Constitucional-e-Teoria-do-Estado-1.pdf\">Edital 23\/15 \u2013 Resultado Prova de T\u00edtulos <\/a><\/li>\n<li><strong><a href=\"https:\/\/direito.ufpr.br\/wp-content\/uploads\/2015\/08\/image2015-08-25-094441-1.pdf\">EDITAL N\u00b0 23\/15: RESULTADO FINAL<\/a><\/strong><\/li>\n<\/ul>\n","protected":false},"excerpt":{"rendered":"<p>PROFESSOR SUBSTITUTO: DIREITO CONSTITUCIONAL E TEORIA DO ESTADO Per\u00edodo das inscri\u00e7\u00f5es:\u00a010\/08\/2015 at\u00e9 14\/08\/2015 Programa para o teste seletivo Clique aqui para ler o edital completo ou acesse em www.progepe.ufpr.br \u00a0 Edital N\u00b0 21\/15:\u00a0Homologa\u00e7\u00e3o das Inscri\u00e7\u00f5es \u00a0do Teste Seletivo para Professor Substituto de\u00a0Direito Constitucional e Teoria do Estado Edital N\u00ba22\/15: Cronograma Edital 23\/15 \u2013 Resultado Prova [&hellip;]<\/p>\n","protected":false},"author":9,"featured_media":0,"comment_status":"open","ping_status":"open","sticky":false,"template":"","format":"standard","meta":{"_acf_changed":false,"_eb_attr":"","footnotes":""},"categories":[129],"tags":[],"class_list":["post-13249","post","type-post","status-publish","format-standard","hentry","category-direito-publico"],"acf":[],"_links":{"self":[{"href":"https:\/\/direito.ufpr.br\/index.php?rest_route=\/wp\/v2\/posts\/13249","targetHints":{"allow":["GET"]}}],"collection":[{"href":"https:\/\/direito.ufpr.br\/index.php?rest_route=\/wp\/v2\/posts"}],"about":[{"href":"https:\/\/direito.ufpr.br\/index.php?rest_route=\/wp\/v2\/types\/post"}],"author":[{"embeddable":true,"href":"https:\/\/direito.ufpr.br\/index.php?rest_route=\/wp\/v2\/users\/9"}],"replies":[{"embeddable":true,"href":"https:\/\/direito.ufpr.br\/index.php?rest_route=%2Fwp%2Fv2%2Fcomments&post=13249"}],"version-history":[{"count":1,"href":"https:\/\/direito.ufpr.br\/index.php?rest_route=\/wp\/v2\/posts\/13249\/revisions"}],"predecessor-version":[{"id":13250,"href":"https:\/\/direito.ufpr.br\/index.php?rest_route=\/wp\/v2\/posts\/13249\/revisions\/13250"}],"wp:attachment":[{"href":"https:\/\/direito.ufpr.br\/index.php?rest_route=%2Fwp%2Fv2%2Fmedia&parent=13249"}],"wp:term":[{"taxonomy":"category","embeddable":true,"href":"https:\/\/direito.ufpr.br\/index.php?rest_route=%2Fwp%2Fv2%2Fcategories&post=13249"},{"taxonomy":"post_tag","embeddable":true,"href":"https:\/\/direito.ufpr.br\/index.php?rest_route=%2Fwp%2Fv2%2Ftags&post=13249"}],"curies":[{"name":"wp","href":"https:\/\/api.w.org\/{rel}","templated":true}]}}