{"id":13402,"date":"2019-02-06T10:52:02","date_gmt":"2019-02-06T12:52:02","guid":{"rendered":"https:\/\/direito.ufpr.br\/?p=13402"},"modified":"2019-02-06T10:52:02","modified_gmt":"2019-02-06T12:52:02","slug":"edital-de-selecao-gedai-2019","status":"publish","type":"post","link":"https:\/\/direito.ufpr.br\/?p=13402","title":{"rendered":"EDITAL DE SELE\u00c7\u00c3O &#8211; GEDAI &#8211; 2019"},"content":{"rendered":"<div class=\"m_-339216000162410296gmail-\">\n<div class=\"m_-339216000162410296gmail-_1mf m_-339216000162410296gmail-_1mj\"><b>EDITAIS DE SELE\u00c7\u00c3O 2019 &#8211; venha ser um pesquisador do GEDAI <\/b><\/div>\n<\/div>\n<div class=\"m_-339216000162410296gmail-\">\n<div class=\"m_-339216000162410296gmail-_1mf m_-339216000162410296gmail-_1mj\"><\/div>\n<\/div>\n<div class=\"m_-339216000162410296gmail-\">\n<div class=\"m_-339216000162410296gmail-_1mf m_-339216000162410296gmail-_1mj\">Aberta Sele\u00e7\u00e3o 2019 para acad\u00eamicos e pesquisadores<\/div>\n<div class=\"m_-339216000162410296gmail-_1mf m_-339216000162410296gmail-_1mj\"><\/div>\n<\/div>\n<div class=\"m_-339216000162410296gmail-\">\n<div class=\"m_-339216000162410296gmail-_1mf m_-339216000162410296gmail-_1mj\">Venha integrar o GEDAI e participar de todas as nossas atividades de pesquisa.<\/div>\n<\/div>\n<div class=\"m_-339216000162410296gmail-\">\n<div class=\"m_-339216000162410296gmail-_1mf m_-339216000162410296gmail-_1mj\"><\/div>\n<\/div>\n<div class=\"m_-339216000162410296gmail-\">\n<div class=\"m_-339216000162410296gmail-_1mf m_-339216000162410296gmail-_1mj\">Voce que j\u00e1 \u00e9 formado ou que ainda est\u00e1 estudando na gradua\u00e7\u00e3o poder\u00e3o se candidatar para integrar nosso grupo de pesquisa pesquisas nas \u00e1reas de Direito da Propriedade Intelectual e novas Tecnologias.<\/div>\n<\/div>\n<div class=\"m_-339216000162410296gmail-\">\n<div class=\"m_-339216000162410296gmail-_1mf m_-339216000162410296gmail-_1mj\"><\/div>\n<\/div>\n<div class=\"m_-339216000162410296gmail-\">\n<div class=\"m_-339216000162410296gmail-_1mf m_-339216000162410296gmail-_1mj\">As inscri\u00e7\u00f5es est\u00e3o abertas e essa \u00e9 a oportunidade!<\/div>\n<\/div>\n<div class=\"m_-339216000162410296gmail-\">\n<div class=\"m_-339216000162410296gmail-_1mf m_-339216000162410296gmail-_1mj\"><\/div>\n<\/div>\n<div class=\"m_-339216000162410296gmail-\">\n<div class=\"m_-339216000162410296gmail-_1mf m_-339216000162410296gmail-_1mj\">O GEDAI lan\u00e7a agora dois editais espec\u00edficos para estudantes e graduados, veja os editais de chamada para novos integrantes, abaixo:<\/div>\n<\/div>\n<div class=\"m_-339216000162410296gmail-\">\n<div class=\"m_-339216000162410296gmail-_1mf m_-339216000162410296gmail-_1mj\"><\/div>\n<\/div>\n<div class=\"m_-339216000162410296gmail-\">\n<div class=\"m_-339216000162410296gmail-_1mf m_-339216000162410296gmail-_1mj\">\u2022 <a href=\"https:\/\/direito.ufpr.br\/wp-content\/uploads\/2019\/02\/edital-sele\u00e7\u00e3o-2019_graduandos.pdf\">Edital de sele\u00e7\u00e3o de acad\u00eamicos de gradua\u00e7\u00e3o<\/a><\/div>\n<\/div>\n<div class=\"m_-339216000162410296gmail-\">\n<div class=\"m_-339216000162410296gmail-_1mf m_-339216000162410296gmail-_1mj\">\u2022 <a href=\"https:\/\/direito.ufpr.br\/wp-content\/uploads\/2019\/02\/edital-sele\u00e7\u00e3o-p\u00f3s-grad-GEDAI-2019.pdf\">Edital de sele\u00e7\u00e3o de pesquisadores graduados<\/a><\/div>\n<\/div>\n<div class=\"m_-339216000162410296gmail-\">\n<div class=\"m_-339216000162410296gmail-_1mf m_-339216000162410296gmail-_1mj\"><\/div>\n<\/div>\n<div class=\"m_-339216000162410296gmail-\">\n<div class=\"m_-339216000162410296gmail-_1mf m_-339216000162410296gmail-_1mj\">As inscri\u00e7\u00f5es ser\u00e3o feitas atrav\u00e9s do site, tudo conforme as instru\u00e7\u00f5es constantes dos editais.<\/div>\n<\/div>\n<div class=\"m_-339216000162410296gmail-\">\n<div class=\"m_-339216000162410296gmail-_1mf m_-339216000162410296gmail-_1mj\"><\/div>\n<\/div>\n<div class=\"m_-339216000162410296gmail-\">\n<div class=\"m_-339216000162410296gmail-_1mf m_-339216000162410296gmail-_1mj\">As informa\u00e7\u00f5es gerais podem ser encontradas no site <a href=\"http:\/\/www.gedai.com\/\" target=\"_blank\" rel=\"noopener\">www.gedai.com<\/a> ou por email <a href=\"mailto:selecaogedai2019@gmail.com\" target=\"_blank\" rel=\"noopener\">selecaogedai2019@gmail.com<\/a><\/div>\n<div class=\"m_-339216000162410296gmail-_1mf m_-339216000162410296gmail-_1mj\"><\/div>\n<\/div>\n<div class=\"m_-339216000162410296gmail-\">\n<div class=\"m_-339216000162410296gmail-_1mf m_-339216000162410296gmail-_1mj\">A divulga\u00e7\u00e3o dos resultados ser\u00e1 realizada atrav\u00e9s do site <a href=\"http:\/\/www.gedai.com\/\" target=\"_blank\" rel=\"noopener\">www.gedai.com<\/a><\/div>\n<\/div>\n<div class=\"m_-339216000162410296gmail-\">\n<div class=\"m_-339216000162410296gmail-_1mf m_-339216000162410296gmail-_1mj\"><\/div>\n<\/div>\n<div class=\"m_-339216000162410296gmail-\">\n<div class=\"m_-339216000162410296gmail-_1mf m_-339216000162410296gmail-_1mj\"><b>CRONOGRAMA GERAL:<\/b><\/div>\n<\/div>\n<div class=\"m_-339216000162410296gmail-\">\n<div class=\"m_-339216000162410296gmail-_1mf m_-339216000162410296gmail-_1mj\"><b>\u00a0<\/b><\/div>\n<\/div>\n<div class=\"m_-339216000162410296gmail-\">\n<div class=\"m_-339216000162410296gmail-_1mf m_-339216000162410296gmail-_1mj\"><b>Abertura do prazo de inscri\u00e7\u00e3o: 28 de janeiro de 2019<\/b><\/div>\n<\/div>\n<div class=\"m_-339216000162410296gmail-\">\n<div class=\"m_-339216000162410296gmail-_1mf m_-339216000162410296gmail-_1mj\"><b>\u00a0<\/b><\/div>\n<\/div>\n<div class=\"m_-339216000162410296gmail-\">\n<div class=\"m_-339216000162410296gmail-_1mf m_-339216000162410296gmail-_1mj\"><b>Encerramento das inscri\u00e7\u00f5es candidaturas: 25 de fevereiro de 2019<\/b><\/div>\n<\/div>\n<div class=\"m_-339216000162410296gmail-\">\n<div class=\"m_-339216000162410296gmail-_1mf m_-339216000162410296gmail-_1mj\"><b>\u00a0<\/b><\/div>\n<\/div>\n<div class=\"m_-339216000162410296gmail-\">\n<div class=\"m_-339216000162410296gmail-_1mf m_-339216000162410296gmail-_1mj\"><b>Divulga\u00e7\u00e3o dos resultados \/ canditatos selecionados: 28 de fevereiro de 2019<\/b><\/div>\n<\/div>\n<div class=\"m_-339216000162410296gmail-\">\n<div class=\"m_-339216000162410296gmail-_1mf m_-339216000162410296gmail-_1mj\"><b>\u00a0<\/b><\/div>\n<\/div>\n<div class=\"m_-339216000162410296gmail-\">\n<div class=\"m_-339216000162410296gmail-_1mf m_-339216000162410296gmail-_1mj\"><b>In\u00edcio das atividades: 11 de mar\u00e7o de 2019<\/b><\/div>\n<\/div>\n<div class=\"m_-339216000162410296gmail-\">\n<div class=\"m_-339216000162410296gmail-_1mf m_-339216000162410296gmail-_1mj\"><\/div>\n<\/div>\n<div class=\"m_-339216000162410296gmail-\">\n<div class=\"m_-339216000162410296gmail-_1mf m_-339216000162410296gmail-_1mj\">Maiores informa\u00e7\u00f5es:<\/div>\n<\/div>\n<div class=\"m_-339216000162410296gmail-\">\n<div class=\"m_-339216000162410296gmail-_1mf m_-339216000162410296gmail-_1mj\"><\/div>\n<\/div>\n<div class=\"m_-339216000162410296gmail-\">\n<div class=\"m_-339216000162410296gmail-_1mf m_-339216000162410296gmail-_1mj\"><a href=\"http:\/\/www.gedai.com.br\/noticias\/editais-de-selecao-2019-para-ser-um-pesquisador-do-gedai\/\" target=\"_blank\" rel=\"noopener\">http:\/\/www.gedai.com.br\/noticias\/editais-de-selecao-2019-para-ser-um-pesquisador-do-gedai\/<\/a><\/div>\n<\/div>\n","protected":false},"excerpt":{"rendered":"<p>EDITAIS DE SELE\u00c7\u00c3O 2019 &#8211; venha ser um pesquisador do GEDAI Aberta Sele\u00e7\u00e3o 2019 para acad\u00eamicos e pesquisadores Venha integrar o GEDAI e participar de todas as nossas atividades de pesquisa. Voce que j\u00e1 \u00e9 formado ou que ainda est\u00e1 estudando na gradua\u00e7\u00e3o poder\u00e3o se candidatar para integrar nosso grupo de pesquisa pesquisas nas \u00e1reas [&hellip;]<\/p>\n","protected":false},"author":14,"featured_media":0,"comment_status":"open","ping_status":"open","sticky":false,"template":"","format":"standard","meta":{"_acf_changed":false,"_eb_attr":"","footnotes":""},"categories":[90],"tags":[],"class_list":["post-13402","post","type-post","status-publish","format-standard","hentry","category-editais"],"acf":[],"_links":{"self":[{"href":"https:\/\/direito.ufpr.br\/index.php?rest_route=\/wp\/v2\/posts\/13402","targetHints":{"allow":["GET"]}}],"collection":[{"href":"https:\/\/direito.ufpr.br\/index.php?rest_route=\/wp\/v2\/posts"}],"about":[{"href":"https:\/\/direito.ufpr.br\/index.php?rest_route=\/wp\/v2\/types\/post"}],"author":[{"embeddable":true,"href":"https:\/\/direito.ufpr.br\/index.php?rest_route=\/wp\/v2\/users\/14"}],"replies":[{"embeddable":true,"href":"https:\/\/direito.ufpr.br\/index.php?rest_route=%2Fwp%2Fv2%2Fcomments&post=13402"}],"version-history":[{"count":1,"href":"https:\/\/direito.ufpr.br\/index.php?rest_route=\/wp\/v2\/posts\/13402\/revisions"}],"predecessor-version":[{"id":13405,"href":"https:\/\/direito.ufpr.br\/index.php?rest_route=\/wp\/v2\/posts\/13402\/revisions\/13405"}],"wp:attachment":[{"href":"https:\/\/direito.ufpr.br\/index.php?rest_route=%2Fwp%2Fv2%2Fmedia&parent=13402"}],"wp:term":[{"taxonomy":"category","embeddable":true,"href":"https:\/\/direito.ufpr.br\/index.php?rest_route=%2Fwp%2Fv2%2Fcategories&post=13402"},{"taxonomy":"post_tag","embeddable":true,"href":"https:\/\/direito.ufpr.br\/index.php?rest_route=%2Fwp%2Fv2%2Ftags&post=13402"}],"curies":[{"name":"wp","href":"https:\/\/api.w.org\/{rel}","templated":true}]}}