{"id":14063,"date":"2019-03-21T10:07:04","date_gmt":"2019-03-21T13:07:04","guid":{"rendered":"https:\/\/direito.ufpr.br\/?p=14063"},"modified":"2019-04-17T17:13:01","modified_gmt":"2019-04-17T20:13:01","slug":"selecao-de-estagiarios","status":"publish","type":"post","link":"https:\/\/direito.ufpr.br\/?p=14063","title":{"rendered":"Sele\u00e7\u00e3o de Estagi\u00e1rios"},"content":{"rendered":"\n<p><a href=\"https:\/\/direito.ufpr.br\/wp-content\/uploads\/2019\/03\/Edital-n%C2%BA-03-19-SCJ-Sele%C3%A7%C3%A3o-Estagi%C3%A1rios-de-TI.pdf\">Edital n\u00ba 03-19-SCJ &#8211; Sele\u00e7\u00e3o Estagi\u00e1rios de TI<\/a><\/p>\n\n\n\n<p><\/p>\n","protected":false},"excerpt":{"rendered":"<p>Edital n\u00ba 03-19-SCJ &#8211; Sele\u00e7\u00e3o Estagi\u00e1rios de TI<\/p>\n","protected":false},"author":14,"featured_media":0,"comment_status":"open","ping_status":"open","sticky":false,"template":"","format":"standard","meta":{"_acf_changed":false,"_eb_attr":"","footnotes":""},"categories":[90,88,86,103,87],"tags":[],"class_list":["post-14063","post","type-post","status-publish","format-standard","hentry","category-editais","category-editais-direcao","category-informativos","category-informativos-direcao","category-noticias"],"acf":[],"_links":{"self":[{"href":"https:\/\/direito.ufpr.br\/index.php?rest_route=\/wp\/v2\/posts\/14063","targetHints":{"allow":["GET"]}}],"collection":[{"href":"https:\/\/direito.ufpr.br\/index.php?rest_route=\/wp\/v2\/posts"}],"about":[{"href":"https:\/\/direito.ufpr.br\/index.php?rest_route=\/wp\/v2\/types\/post"}],"author":[{"embeddable":true,"href":"https:\/\/direito.ufpr.br\/index.php?rest_route=\/wp\/v2\/users\/14"}],"replies":[{"embeddable":true,"href":"https:\/\/direito.ufpr.br\/index.php?rest_route=%2Fwp%2Fv2%2Fcomments&post=14063"}],"version-history":[{"count":11,"href":"https:\/\/direito.ufpr.br\/index.php?rest_route=\/wp\/v2\/posts\/14063\/revisions"}],"predecessor-version":[{"id":14335,"href":"https:\/\/direito.ufpr.br\/index.php?rest_route=\/wp\/v2\/posts\/14063\/revisions\/14335"}],"wp:attachment":[{"href":"https:\/\/direito.ufpr.br\/index.php?rest_route=%2Fwp%2Fv2%2Fmedia&parent=14063"}],"wp:term":[{"taxonomy":"category","embeddable":true,"href":"https:\/\/direito.ufpr.br\/index.php?rest_route=%2Fwp%2Fv2%2Fcategories&post=14063"},{"taxonomy":"post_tag","embeddable":true,"href":"https:\/\/direito.ufpr.br\/index.php?rest_route=%2Fwp%2Fv2%2Ftags&post=14063"}],"curies":[{"name":"wp","href":"https:\/\/api.w.org\/{rel}","templated":true}]}}