{"id":14076,"date":"2019-03-21T15:14:42","date_gmt":"2019-03-21T18:14:42","guid":{"rendered":"https:\/\/direito.ufpr.br\/?p=14076"},"modified":"2019-03-21T15:14:54","modified_gmt":"2019-03-21T18:14:54","slug":"eleicao-representantes-docentes-junto-ao-cepe-bienio-2019-2020","status":"publish","type":"post","link":"https:\/\/direito.ufpr.br\/?p=14076","title":{"rendered":"Elei\u00e7\u00e3o &#8211; Representantes Docentes junto ao CEPE (Bi\u00eanio 2019\/2020)"},"content":{"rendered":"\n<p><a href=\"https:\/\/direito.ufpr.br\/wp-content\/uploads\/2019\/03\/SEI_UFPR-1658942-Edital.pdf\" target=\"_blank\" rel=\"noreferrer noopener\" aria-label=\" (abre numa nova aba)\">Edital n\u00ba 04\/2019-SCJ: Elei\u00e7\u00e3o de Representantes Docentes junto ao CEPE<\/a><\/p>\n","protected":false},"excerpt":{"rendered":"<p>Edital n\u00ba 04\/2019-SCJ: Elei\u00e7\u00e3o de Representantes Docentes junto ao CEPE<\/p>\n","protected":false},"author":14,"featured_media":0,"comment_status":"open","ping_status":"open","sticky":true,"template":"","format":"standard","meta":{"_acf_changed":false,"_eb_attr":"","footnotes":""},"categories":[88,103],"tags":[],"class_list":["post-14076","post","type-post","status-publish","format-standard","hentry","category-editais-direcao","category-informativos-direcao"],"acf":[],"_links":{"self":[{"href":"https:\/\/direito.ufpr.br\/index.php?rest_route=\/wp\/v2\/posts\/14076","targetHints":{"allow":["GET"]}}],"collection":[{"href":"https:\/\/direito.ufpr.br\/index.php?rest_route=\/wp\/v2\/posts"}],"about":[{"href":"https:\/\/direito.ufpr.br\/index.php?rest_route=\/wp\/v2\/types\/post"}],"author":[{"embeddable":true,"href":"https:\/\/direito.ufpr.br\/index.php?rest_route=\/wp\/v2\/users\/14"}],"replies":[{"embeddable":true,"href":"https:\/\/direito.ufpr.br\/index.php?rest_route=%2Fwp%2Fv2%2Fcomments&post=14076"}],"version-history":[{"count":5,"href":"https:\/\/direito.ufpr.br\/index.php?rest_route=\/wp\/v2\/posts\/14076\/revisions"}],"predecessor-version":[{"id":14084,"href":"https:\/\/direito.ufpr.br\/index.php?rest_route=\/wp\/v2\/posts\/14076\/revisions\/14084"}],"wp:attachment":[{"href":"https:\/\/direito.ufpr.br\/index.php?rest_route=%2Fwp%2Fv2%2Fmedia&parent=14076"}],"wp:term":[{"taxonomy":"category","embeddable":true,"href":"https:\/\/direito.ufpr.br\/index.php?rest_route=%2Fwp%2Fv2%2Fcategories&post=14076"},{"taxonomy":"post_tag","embeddable":true,"href":"https:\/\/direito.ufpr.br\/index.php?rest_route=%2Fwp%2Fv2%2Ftags&post=14076"}],"curies":[{"name":"wp","href":"https:\/\/api.w.org\/{rel}","templated":true}]}}