{"id":39971,"date":"2022-12-30T17:02:28","date_gmt":"2022-12-30T20:02:28","guid":{"rendered":"https:\/\/direito.ufpr.br\/?p=39971"},"modified":"2022-12-30T17:03:32","modified_gmt":"2022-12-30T20:03:32","slug":"revista-da-faculdade-de-direito-ufpr-foi-avaliada-e-promovida-para-a1-na-capes-qualis","status":"publish","type":"post","link":"https:\/\/direito.ufpr.br\/?p=39971","title":{"rendered":"Revista da Faculdade de Direito UFPR foi avaliada e promovida para A1 na CAPES-QUALIS"},"content":{"rendered":"\n<p>Excelente not\u00edcia!<\/p>\n\n\n\n<p>Saiu ontem a \u00faltima avalia\u00e7\u00e3o preliminar da Capes em rela\u00e7\u00e3o aos peri\u00f3dicos do programa Capes Qualis.<\/p>\n\n\n\n<p>Nela, a nossa &#8220;Revista da Faculdade de Direito UFPR&#8221; foi avaliada e promovida para A1.<br><br>Parab\u00e9ns \u00e0 toda a equipe t\u00e9cnica e cient\u00edfica da Revista, especialmente aos nossos editores, aos coordenadores(as) atuais e anteriores do PPGD e ao nosso corpo docente!<\/p>\n\n\n\n<p>Um agradecimento especial tamb\u00e9m aos colabores e autores da revista!<\/p>\n\n\n\n<p>Confira a divulga\u00e7\u00e3o da lista no link: <a href=\"https:\/\/www.gov.br\/capes\/pt-br\/assuntos\/noticias\/capes-divulga-lista-preliminar-do-qualis\" target=\"_blank\" rel=\"noreferrer noopener\">https:\/\/www.gov.br\/capes\/pt-br\/assuntos\/noticias\/capes-divulga-lista-preliminar-do-qualis<\/a><\/p>\n","protected":false},"excerpt":{"rendered":"<p>Excelente not\u00edcia! Saiu ontem a \u00faltima avalia\u00e7\u00e3o preliminar da Capes em rela\u00e7\u00e3o aos peri\u00f3dicos do programa Capes Qualis. Nela, a nossa &#8220;Revista da Faculdade de Direito UFPR&#8221; foi avaliada e promovida para A1. Parab\u00e9ns \u00e0 toda a equipe t\u00e9cnica e cient\u00edfica da Revista, especialmente aos nossos editores, aos coordenadores(as) atuais e anteriores do PPGD e [&hellip;]<\/p>\n","protected":false},"author":46,"featured_media":0,"comment_status":"open","ping_status":"open","sticky":false,"template":"","format":"standard","meta":{"_acf_changed":false,"_eb_attr":"","footnotes":""},"categories":[87,1],"tags":[],"class_list":["post-39971","post","type-post","status-publish","format-standard","hentry","category-noticias","category-sem-categoria"],"acf":[],"_links":{"self":[{"href":"https:\/\/direito.ufpr.br\/index.php?rest_route=\/wp\/v2\/posts\/39971","targetHints":{"allow":["GET"]}}],"collection":[{"href":"https:\/\/direito.ufpr.br\/index.php?rest_route=\/wp\/v2\/posts"}],"about":[{"href":"https:\/\/direito.ufpr.br\/index.php?rest_route=\/wp\/v2\/types\/post"}],"author":[{"embeddable":true,"href":"https:\/\/direito.ufpr.br\/index.php?rest_route=\/wp\/v2\/users\/46"}],"replies":[{"embeddable":true,"href":"https:\/\/direito.ufpr.br\/index.php?rest_route=%2Fwp%2Fv2%2Fcomments&post=39971"}],"version-history":[{"count":2,"href":"https:\/\/direito.ufpr.br\/index.php?rest_route=\/wp\/v2\/posts\/39971\/revisions"}],"predecessor-version":[{"id":39973,"href":"https:\/\/direito.ufpr.br\/index.php?rest_route=\/wp\/v2\/posts\/39971\/revisions\/39973"}],"wp:attachment":[{"href":"https:\/\/direito.ufpr.br\/index.php?rest_route=%2Fwp%2Fv2%2Fmedia&parent=39971"}],"wp:term":[{"taxonomy":"category","embeddable":true,"href":"https:\/\/direito.ufpr.br\/index.php?rest_route=%2Fwp%2Fv2%2Fcategories&post=39971"},{"taxonomy":"post_tag","embeddable":true,"href":"https:\/\/direito.ufpr.br\/index.php?rest_route=%2Fwp%2Fv2%2Ftags&post=39971"}],"curies":[{"name":"wp","href":"https:\/\/api.w.org\/{rel}","templated":true}]}}