{"id":40205,"date":"2023-01-23T12:04:09","date_gmt":"2023-01-23T15:04:09","guid":{"rendered":"https:\/\/direito.ufpr.br\/?p=40205"},"modified":"2023-06-05T11:18:39","modified_gmt":"2023-06-05T14:18:39","slug":"editais-extensao-ano-de-2023","status":"publish","type":"post","link":"https:\/\/direito.ufpr.br\/?p=40205","title":{"rendered":"Editais de Extens\u00e3o"},"content":{"rendered":"\n<figure class=\"wp-block-image size-large\"><img loading=\"lazy\" decoding=\"async\" width=\"1024\" height=\"200\" src=\"https:\/\/direito.ufpr.br\/wp-content\/uploads\/2022\/01\/Barra-superior-editais_ext.jpg\" alt=\"\" class=\"wp-image-34413\" srcset=\"https:\/\/direito.ufpr.br\/wp-content\/uploads\/2022\/01\/Barra-superior-editais_ext.jpg 1024w, https:\/\/direito.ufpr.br\/wp-content\/uploads\/2022\/01\/Barra-superior-editais_ext-300x59.jpg 300w, https:\/\/direito.ufpr.br\/wp-content\/uploads\/2022\/01\/Barra-superior-editais_ext-768x150.jpg 768w\" sizes=\"auto, (max-width: 1024px) 100vw, 1024px\" \/><\/figure>\n\n\n\n<div class=\"wp-block-buttons is-layout-flex wp-block-buttons-is-layout-flex\"><\/div>\n\n\n\n<h2 class=\"wp-block-heading\">\u00a0PROJETO: \u201cMovimento de Assessoria Jur\u00eddica Popular \u2013 MAJUP Isabel da Silva<\/h2>\n\n\n<p><a href=\"https:\/\/direito.ufpr.br\/wp-content\/uploads\/2023\/01\/Edital-de-selecao-de-bolsistas-2023.pdf\">Edital de sele\u00e7\u00e3o de bolsistas 2023<\/a><\/p>\n\n\n<p>Prazo de Inscri\u00e7\u00e3o: 24\/04\/2023<\/p>\n\n\n\n<h2 class=\"wp-block-heading\">PROJETO: \u201cDireitos em Movimento\u201d<\/h2>\n\n\n\n<div class=\"wp-block-file\"><a href=\"https:\/\/direito.ufpr.br\/wp-content\/uploads\/2023\/04\/Edital-Estudantes-2023.pdf\">Edital-Estudantes-2023<\/a><a href=\"https:\/\/direito.ufpr.br\/wp-content\/uploads\/2023\/04\/Edital-Estudantes-2023.pdf\" class=\"wp-block-file__button\" download>Baixar<\/a><\/div>\n\n\n\n<p>Prazo de inscri\u00e7\u00e3o: 19\/04\/2023 a 25\/04\/2023<\/p>\n\n\n\n<h2 class=\"wp-block-heading\">&nbsp;PROJETO: Cl\u00ednica de Acesso \u00e0 Justi\u00e7a e Educa\u00e7\u00e3o nas Pris\u00f5es<\/h2>\n\n\n\n<div class=\"wp-block-file\"><a href=\"https:\/\/direito.ufpr.br\/wp-content\/uploads\/2023\/04\/Edital-Selec\u0327a\u0303o-Bolsista-Projeto-de-Extensa\u0303o-CAJEP.pdf\">Edital-Selec\u0327a\u0303o-Bolsista-Projeto-de-Extensa\u0303o-CAJEP<\/a><a href=\"https:\/\/direito.ufpr.br\/wp-content\/uploads\/2023\/04\/Edital-Selec\u0327a\u0303o-Bolsista-Projeto-de-Extensa\u0303o-CAJEP.pdf\" class=\"wp-block-file__button\" download>Baixar<\/a><\/div>\n\n\n\n<p>Prazo de inscri\u00e7\u00e3o: dia 18\/04\/2023 \u00e0s 9h00min at\u00e9 dia 23\/04\/2023 \u00e0s 23h59min<\/p>\n\n\n\n<h2 class=\"wp-block-heading\">&nbsp;PROJETO:A metr\u00f3pole de Curitiba e o direito \u00e0 cidade: por uma converg\u00eancia de<br>pr\u00e1ticas, sujeitos e ideais<\/h2>\n\n\n\n<div class=\"wp-block-file\"><a href=\"https:\/\/direito.ufpr.br\/wp-content\/uploads\/2023\/04\/Edital-Extensao.pdf\">Edital-Extensao<\/a><a href=\"https:\/\/direito.ufpr.br\/wp-content\/uploads\/2023\/04\/Edital-Extensao.pdf\" class=\"wp-block-file__button\" download>Baixar<\/a><\/div>\n\n\n\n<p>Prazo de inscri\u00e7\u00e3o: dia 17\/04\/2023 a 21\/04\/2023 \u00e0s 18h<\/p>\n\n\n\n<h2 class=\"wp-block-heading\">&nbsp;PROJETO: Direito Penal Econ\u00f4mico Aplicado: Di\u00e1logos entre a Universidade o Judici\u00e1rio e a Sociedade<\/h2>\n\n\n\n<div class=\"wp-block-file\"><a href=\"https:\/\/direito.ufpr.br\/wp-content\/uploads\/2023\/01\/Edital-Selecao-Bolsista-Projeto-de-Extensao-002.pdf\">Edital Sele\u00e7\u00e3o Bolsista Projeto de Extens\u00e3o (002)<\/a><a href=\"https:\/\/direito.ufpr.br\/wp-content\/uploads\/2023\/01\/Edital-Selecao-Bolsista-Projeto-de-Extensao-002.pdf\" class=\"wp-block-file__button\" download>Baixar<\/a><\/div>\n\n\n\n<p>Prazo de inscri\u00e7\u00e3o: dia 18\/04\/2023 \u00e0s 9h00min at\u00e9 dia 23\/04\/2023 \u00e0s 23h59min.<\/p>\n\n\n\n<h2 class=\"wp-block-heading\">&nbsp;PROJETO: Centro de Mem\u00f3ria e Documenta\u00e7\u00e3o da Faculdade de Direito Da UFPR<\/h2>\n\n\n\n<div class=\"wp-block-file\"><a href=\"https:\/\/direito.ufpr.br\/wp-content\/uploads\/2023\/04\/Edital-de-Selec\u0327a\u0303o-Projeto-Centro-de-Memo\u0301ria.pdf\">Edital de Selec\u0327a\u0303o &#8211; Projeto Centro de Memo\u0301ria<\/a><a href=\"https:\/\/direito.ufpr.br\/wp-content\/uploads\/2023\/04\/Edital-de-Selec\u0327a\u0303o-Projeto-Centro-de-Memo\u0301ria.pdf\" class=\"wp-block-file__button\" download>Baixar<\/a><\/div>\n\n\n\n<p>Prazo de inscri\u00e7\u00e3o: at\u00e9 dia 15\/04\/2023<\/p>\n\n\n\n<h2 class=\"wp-block-heading\">\u201cPromotoras Legais Populares \u2013 PLP\u2019s\u201d<\/h2>\n\n\n\n<figure class=\"wp-block-image size-large\"><img loading=\"lazy\" decoding=\"async\" width=\"724\" height=\"1024\" src=\"https:\/\/direito.ufpr.br\/wp-content\/uploads\/2023\/01\/Cartaz-PLPs-724x1024.png\" alt=\"\" class=\"wp-image-40257\" srcset=\"https:\/\/direito.ufpr.br\/wp-content\/uploads\/2023\/01\/Cartaz-PLPs-724x1024.png 724w, https:\/\/direito.ufpr.br\/wp-content\/uploads\/2023\/01\/Cartaz-PLPs-212x300.png 212w, https:\/\/direito.ufpr.br\/wp-content\/uploads\/2023\/01\/Cartaz-PLPs-768x1086.png 768w, https:\/\/direito.ufpr.br\/wp-content\/uploads\/2023\/01\/Cartaz-PLPs-1086x1536.png 1086w, https:\/\/direito.ufpr.br\/wp-content\/uploads\/2023\/01\/Cartaz-PLPs-1448x2048.png 1448w, https:\/\/direito.ufpr.br\/wp-content\/uploads\/2023\/01\/Cartaz-PLPs.png 1587w\" sizes=\"auto, (max-width: 724px) 100vw, 724px\" \/><figcaption>PRAZO DE INSCRI\u00c7\u00c3O 25\/01\/2023 A 10\/02\/2023<\/figcaption><\/figure>\n\n\n\n<div class=\"wp-block-file\"><a href=\"https:\/\/direito.ufpr.br\/wp-content\/uploads\/2023\/01\/Edital-PROMOTORAS-LEGAIS-POPULARES-\u2013-PLPs.pdf\">Edital-PROMOTORAS-LEGAIS-POPULARES-\u2013-PLPs<\/a><a href=\"https:\/\/direito.ufpr.br\/wp-content\/uploads\/2023\/01\/Edital-PROMOTORAS-LEGAIS-POPULARES-\u2013-PLPs.pdf\" class=\"wp-block-file__button\" download>Baixar<\/a><\/div>\n","protected":false},"excerpt":{"rendered":"<p>\u00a0PROJETO: \u201cMovimento de Assessoria Jur\u00eddica Popular \u2013 MAJUP Isabel da Silva Edital de sele\u00e7\u00e3o de bolsistas 2023 Prazo de Inscri\u00e7\u00e3o: 24\/04\/2023 PROJETO: \u201cDireitos em Movimento\u201d Prazo de inscri\u00e7\u00e3o: 19\/04\/2023 a 25\/04\/2023 &nbsp;PROJETO: Cl\u00ednica de Acesso \u00e0 Justi\u00e7a e Educa\u00e7\u00e3o nas Pris\u00f5es Prazo de inscri\u00e7\u00e3o: dia 18\/04\/2023 \u00e0s 9h00min at\u00e9 dia 23\/04\/2023 \u00e0s 23h59min &nbsp;PROJETO:A metr\u00f3pole [&hellip;]<\/p>\n","protected":false},"author":46,"featured_media":0,"comment_status":"open","ping_status":"open","sticky":false,"template":"","format":"standard","meta":{"_acf_changed":false,"_eb_attr":"","footnotes":""},"categories":[120],"tags":[],"class_list":["post-40205","post","type-post","status-publish","format-standard","hentry","category-editais-extensao"],"acf":[],"_links":{"self":[{"href":"https:\/\/direito.ufpr.br\/index.php?rest_route=\/wp\/v2\/posts\/40205","targetHints":{"allow":["GET"]}}],"collection":[{"href":"https:\/\/direito.ufpr.br\/index.php?rest_route=\/wp\/v2\/posts"}],"about":[{"href":"https:\/\/direito.ufpr.br\/index.php?rest_route=\/wp\/v2\/types\/post"}],"author":[{"embeddable":true,"href":"https:\/\/direito.ufpr.br\/index.php?rest_route=\/wp\/v2\/users\/46"}],"replies":[{"embeddable":true,"href":"https:\/\/direito.ufpr.br\/index.php?rest_route=%2Fwp%2Fv2%2Fcomments&post=40205"}],"version-history":[{"count":36,"href":"https:\/\/direito.ufpr.br\/index.php?rest_route=\/wp\/v2\/posts\/40205\/revisions"}],"predecessor-version":[{"id":43242,"href":"https:\/\/direito.ufpr.br\/index.php?rest_route=\/wp\/v2\/posts\/40205\/revisions\/43242"}],"wp:attachment":[{"href":"https:\/\/direito.ufpr.br\/index.php?rest_route=%2Fwp%2Fv2%2Fmedia&parent=40205"}],"wp:term":[{"taxonomy":"category","embeddable":true,"href":"https:\/\/direito.ufpr.br\/index.php?rest_route=%2Fwp%2Fv2%2Fcategories&post=40205"},{"taxonomy":"post_tag","embeddable":true,"href":"https:\/\/direito.ufpr.br\/index.php?rest_route=%2Fwp%2Fv2%2Ftags&post=40205"}],"curies":[{"name":"wp","href":"https:\/\/api.w.org\/{rel}","templated":true}]}}