{"id":47719,"date":"2024-06-07T14:39:30","date_gmt":"2024-06-07T17:39:30","guid":{"rendered":"https:\/\/direito.ufpr.br\/?p=47719"},"modified":"2026-04-07T15:25:03","modified_gmt":"2026-04-07T18:25:03","slug":"edital-no-166-2024-progepe-processo-seletivo-para-professor-substituto-na-area-de-criminologia-periodo-de-inscricao-10-06-a-14-06-2024","status":"publish","type":"post","link":"https:\/\/direito.ufpr.br\/?p=47719","title":{"rendered":"Edital n\u00ba 166\/2024-PROGEPE \u2013 Processo Seletivo para Professor Substituto na \u00e1rea de Criminologia (Per\u00edodo de Inscri\u00e7\u00e3o: 10\/06 a 14\/06\/2024)"},"content":{"rendered":"\n<p><\/p>\n\n\n<p><a href=\"https:\/\/direito.ufpr.br\/wp-content\/uploads\/2024\/06\/Edital-no-166_2024-PROGEPE-7.pdf\">Edital n\u00ba 166\/2024 PROGEPE &#8211; Abertura<\/a> (publicado em 07\/06\/2024 \u00e0s 14h33)<\/p>\n<p><a href=\"https:\/\/direito.ufpr.br\/wp-content\/uploads\/2024\/06\/PROGRAMA.pdf\">Programa<\/a> (publicado em 07\/06\/2024 \u00e0s 14h34)<\/p>\n<p><a href=\"https:\/\/direito.ufpr.br\/wp-content\/uploads\/2023\/12\/RES.-No-92_06-CEPE-1.pdf\">Res. 92\/06-CEPE \u2013 Estabelece normas para contrata\u00e7\u00e3o de professor substituto na Universidade Federal do Paran\u00e1\u00a0<\/a>(publicado em 07\/06\/2024 \u00e0s 14h35)<\/p>\n<p><a href=\"https:\/\/direito.ufpr.br\/wp-content\/uploads\/2023\/12\/Res.-70-16-CEPE.pdf\">Res. 70\/16-CEPE \u2013 Fixa a tabela de pontua\u00e7\u00e3o para avalia\u00e7\u00e3o de curr\u00edculo\u00a0<\/a>(publicado em 07\/06\/2024 \u00e0s 14h36)<\/p>\n<p><a href=\"https:\/\/direito.ufpr.br\/wp-content\/uploads\/2024\/06\/Portaria-17_2024-SCJ-Analise-das-inscricoes-1.pdf\">Portaria 17\/2024-SCJ &#8211; Comiss\u00e3o de an\u00e1lise das inscri\u00e7\u00f5es\u00a0 <\/a>(publicado em 17\/06\/2024 \u00e0s 18h01)<\/p>\n<p><a href=\"https:\/\/direito.ufpr.br\/wp-content\/uploads\/2024\/06\/Ata-de-homologacao-das-inscricoes.pdf\">Ata de homologa\u00e7\u00e3o das inscri\u00e7\u00f5es<\/a> (publicado em 19\/06\/2024 \u00e0s 17h20)<\/p>\n<p><a href=\"https:\/\/direito.ufpr.br\/wp-content\/uploads\/2024\/06\/Portaria-21_2024-SCJ-Banca-julgadora.pdf\">Portaria 21\/2024-SCJ &#8211; Banca julgadora <\/a>(publicado em 26\/06\/2024 \u00e0s 12h41)<\/p>\n<p><a href=\"https:\/\/direito.ufpr.br\/wp-content\/uploads\/2024\/06\/Cronograma-1.pdf\">Cronograma\u00a0<\/a>(publicado em 08\/07\/2024 \u00e0s 07h20)<\/p>\n<p><a href=\"https:\/\/direito.ufpr.br\/wp-content\/uploads\/2024\/06\/SEI_UFPR-6843696-Informacao-1.pdf\">Aprovados na Prova de An\u00e1lise de Curr\u00edculo<\/a> (publicado em 18\/07\/2024 \u00e0s 19h18)<\/p>\n<p><a href=\"https:\/\/direito.ufpr.br\/wp-content\/uploads\/2024\/06\/Parecer-Conclusivo-2.pdf\">Parecer Conclusivo<\/a> (publicado em 23\/07\/2024 \u00e0s 12h05)<\/p>\n\n<p><a href=\"https:\/\/direito.ufpr.br\/wp-content\/uploads\/2024\/06\/Homologacao-do-parecer-conclusivo-pelo-Conselho-Setorial-1.pdf\">Homologa\u00e7\u00e3o do parecer conclusivo pelo Conselho Setorial<\/a> (publicado em 30\/07\/2024 \u00e0s 18h13)<\/p>","protected":false},"excerpt":{"rendered":"<p>Edital n\u00ba 166\/2024 PROGEPE &#8211; Abertura (publicado em 07\/06\/2024 \u00e0s 14h33) Programa (publicado em 07\/06\/2024 \u00e0s 14h34) Res. 92\/06-CEPE \u2013 Estabelece normas para contrata\u00e7\u00e3o de professor substituto na Universidade Federal do Paran\u00e1\u00a0(publicado em 07\/06\/2024 \u00e0s 14h35) Res. 70\/16-CEPE \u2013 Fixa a tabela de pontua\u00e7\u00e3o para avalia\u00e7\u00e3o de curr\u00edculo\u00a0(publicado em 07\/06\/2024 \u00e0s 14h36) Portaria 17\/2024-SCJ &#8211; [&hellip;]<\/p>\n","protected":false},"author":36,"featured_media":0,"comment_status":"open","ping_status":"open","sticky":false,"template":"","format":"standard","meta":{"_acf_changed":false,"_eb_attr":"","footnotes":""},"categories":[122,127],"tags":[],"class_list":["post-47719","post","type-post","status-publish","format-standard","hentry","category-concursos-publicos","category-direito-penal-e-processual-penal"],"acf":[],"_links":{"self":[{"href":"https:\/\/direito.ufpr.br\/index.php?rest_route=\/wp\/v2\/posts\/47719","targetHints":{"allow":["GET"]}}],"collection":[{"href":"https:\/\/direito.ufpr.br\/index.php?rest_route=\/wp\/v2\/posts"}],"about":[{"href":"https:\/\/direito.ufpr.br\/index.php?rest_route=\/wp\/v2\/types\/post"}],"author":[{"embeddable":true,"href":"https:\/\/direito.ufpr.br\/index.php?rest_route=\/wp\/v2\/users\/36"}],"replies":[{"embeddable":true,"href":"https:\/\/direito.ufpr.br\/index.php?rest_route=%2Fwp%2Fv2%2Fcomments&post=47719"}],"version-history":[{"count":12,"href":"https:\/\/direito.ufpr.br\/index.php?rest_route=\/wp\/v2\/posts\/47719\/revisions"}],"predecessor-version":[{"id":55352,"href":"https:\/\/direito.ufpr.br\/index.php?rest_route=\/wp\/v2\/posts\/47719\/revisions\/55352"}],"wp:attachment":[{"href":"https:\/\/direito.ufpr.br\/index.php?rest_route=%2Fwp%2Fv2%2Fmedia&parent=47719"}],"wp:term":[{"taxonomy":"category","embeddable":true,"href":"https:\/\/direito.ufpr.br\/index.php?rest_route=%2Fwp%2Fv2%2Fcategories&post=47719"},{"taxonomy":"post_tag","embeddable":true,"href":"https:\/\/direito.ufpr.br\/index.php?rest_route=%2Fwp%2Fv2%2Ftags&post=47719"}],"curies":[{"name":"wp","href":"https:\/\/api.w.org\/{rel}","templated":true}]}}