{"id":47755,"date":"2024-06-14T11:42:00","date_gmt":"2024-06-14T14:42:00","guid":{"rendered":"https:\/\/direito.ufpr.br\/?p=47755"},"modified":"2024-06-26T20:48:11","modified_gmt":"2024-06-26T23:48:11","slug":"eleicao-vice-diretora-do-setor-de-ciencias-juridicas","status":"publish","type":"post","link":"https:\/\/direito.ufpr.br\/?p=47755","title":{"rendered":"Elei\u00e7\u00e3o Vice-Diretor(a) do Setor de Ci\u00eancias Jur\u00eddicas"},"content":{"rendered":"\n<p><a href=\"http:\/\/www.soc.ufpr.br\/portal\/wp-content\/uploads\/2020\/02\/Estatuto-da-UFPR-alterado-em-10.02.2020-ultima-altera%C3%A7%C3%A3o-Res-32-19-COUN-1.pdf\">Estatuto da Universidade Federal do Paran\u00e1 \u2013 UFPR<\/a><\/p>\n\n\n\n<p><a href=\"https:\/\/direito.ufpr.br\/wp-content\/uploads\/2019\/11\/Resolu%C3%A7%C3%A3o-03-15-JD.pdf\">Resolu\u00e7\u00e3o n\u00ba 03\/15-Conselho Setorial<\/a><\/p>\n\n\n\n<p><a href=\"https:\/\/direito.ufpr.br\/wp-content\/uploads\/2024\/06\/Edital-05-2024-SCJ-Abertura-inscricoes-eleicoes-VICE-DIRETOR-SCJ-2024-2028.pdf\">EDITAL N\u00ba 05\/2024-SCJ&nbsp;<\/a>\u2013 Abertura da Elei\u00e7\u00e3o Vice-Diretor(a) do Setor de Ci\u00eancias Jur\u00eddicas<\/p>\n\n\n\n<p><a href=\"https:\/\/direito.ufpr.br\/wp-content\/uploads\/2024\/06\/Portaria-16-2024-SCJ-Comissao-Eleitoral-Eleicao-Vice-Diretora-SCJ.pdf\">Portaria 16\/2024-SCJ<\/a> &#8211; Comiss\u00e3o Eleitoral<\/p>\n\n\n\n<p><a href=\"https:\/\/direito.ufpr.br\/wp-content\/uploads\/2024\/06\/SEI_6753756_Edital_07_2024_SCJ.pdf\">EDITAL N\u00ba 07\/2024-SCJ<\/a>&nbsp;\u2013 Inscri\u00e7\u00f5es homologadas<\/p>\n\n\n\n<p><a href=\"https:\/\/direito.ufpr.br\/wp-content\/uploads\/2022\/11\/HELIOS_E_VOTING___Como_votar.pdf\">Como votar na Elei\u00e7\u00e3o \u2013 Sistema HELIOS_E_VOTING<\/a><\/p>\n\n\n\n<p><a href=\"https:\/\/direito.ufpr.br\/wp-content\/uploads\/2024\/06\/SEI_6773784_Edital_08_2024_SCJ.pdf\">EDITAL N\u00ba 08\/2024-SCJ<\/a>\u2013 Resultdo Final Elei\u00e7\u00e3o Vice-Diretor(a) do Setor de Ci\u00eancias Jur\u00eddicas<\/p>\n","protected":false},"excerpt":{"rendered":"<p>Estatuto da Universidade Federal do Paran\u00e1 \u2013 UFPR Resolu\u00e7\u00e3o n\u00ba 03\/15-Conselho Setorial EDITAL N\u00ba 05\/2024-SCJ&nbsp;\u2013 Abertura da Elei\u00e7\u00e3o Vice-Diretor(a) do Setor de Ci\u00eancias Jur\u00eddicas Portaria 16\/2024-SCJ &#8211; Comiss\u00e3o Eleitoral EDITAL N\u00ba 07\/2024-SCJ&nbsp;\u2013 Inscri\u00e7\u00f5es homologadas Como votar na Elei\u00e7\u00e3o \u2013 Sistema HELIOS_E_VOTING EDITAL N\u00ba 08\/2024-SCJ\u2013 Resultdo Final Elei\u00e7\u00e3o Vice-Diretor(a) do Setor de Ci\u00eancias Jur\u00eddicas<\/p>\n","protected":false},"author":15,"featured_media":0,"comment_status":"open","ping_status":"open","sticky":false,"template":"","format":"standard","meta":{"_acf_changed":false,"_eb_attr":"","footnotes":""},"categories":[90,88,1],"tags":[],"class_list":["post-47755","post","type-post","status-publish","format-standard","hentry","category-editais","category-editais-direcao","category-sem-categoria"],"acf":[],"_links":{"self":[{"href":"https:\/\/direito.ufpr.br\/index.php?rest_route=\/wp\/v2\/posts\/47755","targetHints":{"allow":["GET"]}}],"collection":[{"href":"https:\/\/direito.ufpr.br\/index.php?rest_route=\/wp\/v2\/posts"}],"about":[{"href":"https:\/\/direito.ufpr.br\/index.php?rest_route=\/wp\/v2\/types\/post"}],"author":[{"embeddable":true,"href":"https:\/\/direito.ufpr.br\/index.php?rest_route=\/wp\/v2\/users\/15"}],"replies":[{"embeddable":true,"href":"https:\/\/direito.ufpr.br\/index.php?rest_route=%2Fwp%2Fv2%2Fcomments&post=47755"}],"version-history":[{"count":5,"href":"https:\/\/direito.ufpr.br\/index.php?rest_route=\/wp\/v2\/posts\/47755\/revisions"}],"predecessor-version":[{"id":47834,"href":"https:\/\/direito.ufpr.br\/index.php?rest_route=\/wp\/v2\/posts\/47755\/revisions\/47834"}],"wp:attachment":[{"href":"https:\/\/direito.ufpr.br\/index.php?rest_route=%2Fwp%2Fv2%2Fmedia&parent=47755"}],"wp:term":[{"taxonomy":"category","embeddable":true,"href":"https:\/\/direito.ufpr.br\/index.php?rest_route=%2Fwp%2Fv2%2Fcategories&post=47755"},{"taxonomy":"post_tag","embeddable":true,"href":"https:\/\/direito.ufpr.br\/index.php?rest_route=%2Fwp%2Fv2%2Ftags&post=47755"}],"curies":[{"name":"wp","href":"https:\/\/api.w.org\/{rel}","templated":true}]}}