{"id":49761,"date":"2024-10-29T08:57:49","date_gmt":"2024-10-29T11:57:49","guid":{"rendered":"https:\/\/direito.ufpr.br\/?p=49761"},"modified":"2024-11-14T21:32:07","modified_gmt":"2024-11-15T00:32:07","slug":"eleicoes-departamentos-coordenacao-de-curso-representante-cppd-e-representantes-tecnico-administrativos-2024-no-scj","status":"publish","type":"post","link":"https:\/\/direito.ufpr.br\/?p=49761","title":{"rendered":"ELEI\u00c7\u00d5ES \u2013 Departamentos, Coordena\u00e7\u00e3o de Curso, Representante CPPD e Representantes T\u00e9cnico-Administrativos 2024 no SCJ"},"content":{"rendered":"\n<p><a href=\"http:\/\/www.soc.ufpr.br\/portal\/wp-content\/uploads\/2020\/02\/Estatuto-da-UFPR-alterado-em-10.02.2020-ultima-altera%C3%A7%C3%A3o-Res-32-19-COUN-1.pdf\">Estatuto da Universidade Federal do Paran\u00e1 \u2013 UFPR<\/a><\/p>\n\n\n\n<p><a href=\"https:\/\/direito.ufpr.br\/wp-content\/uploads\/2014\/08\/Regimento-Setorial-1.pdf\">Resolu\u00e7\u00e3o n\u00ba 181\/85-CA<\/a> \u2013 Regimento Setorial SCJ<\/p>\n\n\n\n<p><a href=\"https:\/\/direito.ufpr.br\/wp-content\/uploads\/2022\/11\/Resolucao-02-18-considerando-resolucao-03-18-1.pdf\">Resolu\u00e7\u00e3o n\u00ba 02\/18-SCJ<\/a> \u2013 Consulta Representantes Setor de Ci\u00eancias Jur\u00eddicas<\/p>\n\n\n\n<p><a href=\"https:\/\/direito.ufpr.br\/wp-content\/uploads\/2022\/11\/resolucao-09-2022-coun-regimento-interno-da-cppd-ufpr.pdf\">Resolu\u00e7\u00e3o n\u00ba 09\/22-COUN<\/a> \u2013&nbsp;Consulta Representantes CPPD<\/p>\n\n\n\n<p><a href=\"https:\/\/direito.ufpr.br\/wp-content\/uploads\/2024\/10\/Portaria-32-2024-SCJ-Comissao-Eleitoral-Eleicao-Representantes-SCJ-e-CPPD.pdf\">Portaria 32\/2024-SCJ<\/a>&nbsp;\u2013 Comiss\u00e3o Eleitoral<\/p>\n\n\n\n<p><a href=\"https:\/\/direito.ufpr.br\/wp-content\/uploads\/2024\/10\/SEI_7204051_Edital_09_2024_SCJ.pdf\">EDITAL N\u00ba 09\/2024-SCJ<\/a> \u2013 Abertura da Elei\u00e7\u00e3o Representantes do Setor de Ci\u00eancias Jur\u00eddicas<\/p>\n\n\n\n<p><a href=\"https:\/\/direito.ufpr.br\/wp-content\/uploads\/2024\/11\/EDITAL-10_2024_SCJ.pdf\">EDITAL N\u00ba 10\/2024-SCJ<\/a> &#8211; Rela\u00e7\u00e3o de Candidatura(s) Deferida(s) Para Elei\u00e7\u00e3o<\/p>\n\n\n\n<p><a href=\"https:\/\/direito.ufpr.br\/wp-content\/uploads\/2022\/11\/HELIOS_E_VOTING___Como_votar.pdf\">Como votar na Elei\u00e7\u00e3o \u2013 Sistema HELIOS_E_VOTING<\/a><\/p>\n\n\n\n<p><a href=\"https:\/\/direito.ufpr.br\/wp-content\/uploads\/2024\/11\/Edital_11_2024_SCJ.pdf\">EDITAL N\u00ba 11\/2024-SCJ<\/a> &#8211; Resultado Final<\/p>\n\n\n\n<p><\/p>\n","protected":false},"excerpt":{"rendered":"<p>Estatuto da Universidade Federal do Paran\u00e1 \u2013 UFPR Resolu\u00e7\u00e3o n\u00ba 181\/85-CA \u2013 Regimento Setorial SCJ Resolu\u00e7\u00e3o n\u00ba 02\/18-SCJ \u2013 Consulta Representantes Setor de Ci\u00eancias Jur\u00eddicas Resolu\u00e7\u00e3o n\u00ba 09\/22-COUN \u2013&nbsp;Consulta Representantes CPPD Portaria 32\/2024-SCJ&nbsp;\u2013 Comiss\u00e3o Eleitoral EDITAL N\u00ba 09\/2024-SCJ \u2013 Abertura da Elei\u00e7\u00e3o Representantes do Setor de Ci\u00eancias Jur\u00eddicas EDITAL N\u00ba 10\/2024-SCJ &#8211; Rela\u00e7\u00e3o de Candidatura(s) [&hellip;]<\/p>\n","protected":false},"author":15,"featured_media":0,"comment_status":"open","ping_status":"open","sticky":false,"template":"","format":"standard","meta":{"_acf_changed":false,"_eb_attr":"","footnotes":""},"categories":[90,88],"tags":[],"class_list":["post-49761","post","type-post","status-publish","format-standard","hentry","category-editais","category-editais-direcao"],"acf":[],"_links":{"self":[{"href":"https:\/\/direito.ufpr.br\/index.php?rest_route=\/wp\/v2\/posts\/49761","targetHints":{"allow":["GET"]}}],"collection":[{"href":"https:\/\/direito.ufpr.br\/index.php?rest_route=\/wp\/v2\/posts"}],"about":[{"href":"https:\/\/direito.ufpr.br\/index.php?rest_route=\/wp\/v2\/types\/post"}],"author":[{"embeddable":true,"href":"https:\/\/direito.ufpr.br\/index.php?rest_route=\/wp\/v2\/users\/15"}],"replies":[{"embeddable":true,"href":"https:\/\/direito.ufpr.br\/index.php?rest_route=%2Fwp%2Fv2%2Fcomments&post=49761"}],"version-history":[{"count":10,"href":"https:\/\/direito.ufpr.br\/index.php?rest_route=\/wp\/v2\/posts\/49761\/revisions"}],"predecessor-version":[{"id":50067,"href":"https:\/\/direito.ufpr.br\/index.php?rest_route=\/wp\/v2\/posts\/49761\/revisions\/50067"}],"wp:attachment":[{"href":"https:\/\/direito.ufpr.br\/index.php?rest_route=%2Fwp%2Fv2%2Fmedia&parent=49761"}],"wp:term":[{"taxonomy":"category","embeddable":true,"href":"https:\/\/direito.ufpr.br\/index.php?rest_route=%2Fwp%2Fv2%2Fcategories&post=49761"},{"taxonomy":"post_tag","embeddable":true,"href":"https:\/\/direito.ufpr.br\/index.php?rest_route=%2Fwp%2Fv2%2Ftags&post=49761"}],"curies":[{"name":"wp","href":"https:\/\/api.w.org\/{rel}","templated":true}]}}