{"id":51127,"date":"2025-02-14T10:49:24","date_gmt":"2025-02-14T13:49:24","guid":{"rendered":"https:\/\/direito.ufpr.br\/?p=51127"},"modified":"2025-04-24T12:18:34","modified_gmt":"2025-04-24T15:18:34","slug":"edital-no-039-2025-progepe-processo-seletivo-para-professor-substituto-na-area-de-direito-constitucional-periodo-de-inscricao-17-02-2025-a-28-02-2025-online","status":"publish","type":"post","link":"https:\/\/direito.ufpr.br\/?p=51127","title":{"rendered":"Edital n\u00ba 039\/2025-PROGEPE \u2013 Processo Seletivo para Professor Substituto na \u00e1rea de Direito Constitucional &#8211; per\u00edodo de inscri\u00e7\u00e3o: 17\/02\/2025 a 28\/02\/2025 (online)"},"content":{"rendered":"<p><a href=\"https:\/\/direito.ufpr.br\/wp-content\/uploads\/2025\/02\/Edital-039-2025-PROGEPE-Abertura.pdf\">Edital 039\/2025-PROGEPE Abertura<\/a> (publicado em 14\/02\/2025 \u00e0s 10h47)<\/p>\n<p><a href=\"https:\/\/direito.ufpr.br\/wp-content\/uploads\/2025\/02\/PROGRAMA.pdf\">Programa<\/a> (publicado em 14\/02\/2025 \u00e0s 10h52)<\/p>\n<p><a href=\"https:\/\/direito.ufpr.br\/wp-content\/uploads\/2025\/02\/SEI_UFPR-7518743-Edital.pdf\">Resultado de pedido de isen\u00e7\u00e3o de pagamento da taxa de inscri\u00e7\u00e3o (doadores de medula \u00f3ssea) <\/a>(publicado em 21\/02\/2025 \u00e0s 17h35)<\/p>\n<p><a href=\"https:\/\/direito.ufpr.br\/wp-content\/uploads\/2025\/02\/Portaria-da-comissao-de-analise-das-inscricoes.pdf\">Portaria 05\/2025-SCJ &#8211; Comiss\u00e3o de an\u00e1lise das inscri\u00e7\u00f5es<\/a> (publicado em 06\/03\/2025 \u00e0s 13h06)<\/p>\n<p><a href=\"https:\/\/direito.ufpr.br\/wp-content\/uploads\/2025\/02\/SEI_UFPR-7555822-Despacho-2.pdf\">Ata de homologa\u00e7\u00e3o das inscri\u00e7\u00f5es<\/a> (publicado em 07\/03\/2025 \u00e0s 18h50)<\/p>\n<p><a href=\"https:\/\/direito.ufpr.br\/wp-content\/uploads\/2025\/02\/Portaria-08_2025-SCJ-Comissao-julgadora.pdf\">Portaria 08\/2025-SCJ &#8211; Comiss\u00e3o Julgadora\u00a0<\/a>(publicado em 24\/03\/2025 \u00e0s 10h58)<\/p>\n<p><a href=\"https:\/\/direito.ufpr.br\/wp-content\/uploads\/2025\/02\/Cronograma-1.pdf\">Cronograma\u00a0<\/a>(publicado em 27\/03\/2025 \u00e0s 12h43)<\/p>\n<p><a href=\"https:\/\/direito.ufpr.br\/wp-content\/uploads\/2025\/02\/Relacao-de-aprovados-na-prova-de-curriculo.pdf\">Rela\u00e7\u00e3o de candidatos aprovados na Prova de An\u00e1lise de Curr\u00edculo<\/a> (publicado em 01\/04\/2025 \u00e0s 16h55)<\/p>\n<p><a href=\"https:\/\/direito.ufpr.br\/wp-content\/uploads\/2025\/02\/Parecer-Conclusivo.pdf\">Parecer Conclusivo<\/a> (publicado em 03\/04\/2025 \u00e0s 18h)<\/p>\n<p><a href=\"https:\/\/direito.ufpr.br\/wp-content\/uploads\/2025\/02\/Edital-no-137_2025-Homologacao-do-resultado-do-Processo-Seletivo.pdf\">Edital n\u00ba 137\/2025-PROGEPE &#8211; Homologa\u00e7\u00e3o do Resultado\u00a0<\/a>(publicado em 24\/04\/2025 \u00e0s 12h18)<\/p>\n\n\n<p><\/p>\n","protected":false},"excerpt":{"rendered":"<p>Edital 039\/2025-PROGEPE Abertura (publicado em 14\/02\/2025 \u00e0s 10h47) Programa (publicado em 14\/02\/2025 \u00e0s 10h52) Resultado de pedido de isen\u00e7\u00e3o de pagamento da taxa de inscri\u00e7\u00e3o (doadores de medula \u00f3ssea) (publicado em 21\/02\/2025 \u00e0s 17h35) Portaria 05\/2025-SCJ &#8211; Comiss\u00e3o de an\u00e1lise das inscri\u00e7\u00f5es (publicado em 06\/03\/2025 \u00e0s 13h06) Ata de homologa\u00e7\u00e3o das inscri\u00e7\u00f5es (publicado em 07\/03\/2025 [&hellip;]<\/p>\n","protected":false},"author":11,"featured_media":0,"comment_status":"open","ping_status":"open","sticky":false,"template":"","format":"standard","meta":{"_acf_changed":false,"_eb_attr":"","footnotes":""},"categories":[122,129],"tags":[],"class_list":["post-51127","post","type-post","status-publish","format-standard","hentry","category-concursos-publicos","category-direito-publico"],"acf":[],"_links":{"self":[{"href":"https:\/\/direito.ufpr.br\/index.php?rest_route=\/wp\/v2\/posts\/51127","targetHints":{"allow":["GET"]}}],"collection":[{"href":"https:\/\/direito.ufpr.br\/index.php?rest_route=\/wp\/v2\/posts"}],"about":[{"href":"https:\/\/direito.ufpr.br\/index.php?rest_route=\/wp\/v2\/types\/post"}],"author":[{"embeddable":true,"href":"https:\/\/direito.ufpr.br\/index.php?rest_route=\/wp\/v2\/users\/11"}],"replies":[{"embeddable":true,"href":"https:\/\/direito.ufpr.br\/index.php?rest_route=%2Fwp%2Fv2%2Fcomments&post=51127"}],"version-history":[{"count":16,"href":"https:\/\/direito.ufpr.br\/index.php?rest_route=\/wp\/v2\/posts\/51127\/revisions"}],"predecessor-version":[{"id":53574,"href":"https:\/\/direito.ufpr.br\/index.php?rest_route=\/wp\/v2\/posts\/51127\/revisions\/53574"}],"wp:attachment":[{"href":"https:\/\/direito.ufpr.br\/index.php?rest_route=%2Fwp%2Fv2%2Fmedia&parent=51127"}],"wp:term":[{"taxonomy":"category","embeddable":true,"href":"https:\/\/direito.ufpr.br\/index.php?rest_route=%2Fwp%2Fv2%2Fcategories&post=51127"},{"taxonomy":"post_tag","embeddable":true,"href":"https:\/\/direito.ufpr.br\/index.php?rest_route=%2Fwp%2Fv2%2Ftags&post=51127"}],"curies":[{"name":"wp","href":"https:\/\/api.w.org\/{rel}","templated":true}]}}