{"id":51971,"date":"2025-05-06T08:26:17","date_gmt":"2025-05-06T11:26:17","guid":{"rendered":"https:\/\/direito.ufpr.br\/?p=51971"},"modified":"2025-06-25T11:23:02","modified_gmt":"2025-06-25T14:23:02","slug":"edital-no-03-2025-cdir-selecao-de-aluno-a-para-concessao-de-bolsa-tutoria-2025","status":"publish","type":"post","link":"https:\/\/direito.ufpr.br\/?p=51971","title":{"rendered":"EDITAL N\u00ba 03\/2025 &#8211; CDIR &#8211; SELE\u00c7\u00c3O DE ALUNO (A) PARA CONCESS\u00c3O DE BOLSA TUTORIA 2025 &#8211;   Resultado da Sele\u00e7\u00e3o de Bolsista Tutor &#8211; Edital 3.1."},"content":{"rendered":"\n<h2 class=\"wp-block-heading\"><a href=\"https:\/\/direito.ufpr.br\/wp-content\/uploads\/2025\/06\/SEI_7649861_Edital_03.pdf\">https:\/\/direito.ufpr.br\/wp-content\/uploads\/2025\/06\/SEI_7649861_Edital_03.pdf<\/a><\/h2>\n\n\n\n<h2 class=\"wp-block-heading\"><a href=\"https:\/\/direito.ufpr.br\/wp-content\/uploads\/2025\/06\/SEI_7883598_Edital_3.1_2025.pdf\">https:\/\/direito.ufpr.br\/wp-content\/uploads\/2025\/06\/SEI_7883598_Edital_3.1_2025.pdf<\/a><\/h2>\n\n\n\n<p><\/p>\n","protected":false},"excerpt":{"rendered":"<p>https:\/\/direito.ufpr.br\/wp-content\/uploads\/2025\/06\/SEI_7649861_Edital_03.pdf https:\/\/direito.ufpr.br\/wp-content\/uploads\/2025\/06\/SEI_7883598_Edital_3.1_2025.pdf<\/p>\n","protected":false},"author":54,"featured_media":0,"comment_status":"open","ping_status":"open","sticky":false,"template":"","format":"standard","meta":{"_acf_changed":false,"_eb_attr":"","footnotes":""},"categories":[2,90,89,86,99,87],"tags":[],"class_list":["post-51971","post","type-post","status-publish","format-standard","hentry","category-coordenacao-2","category-editais","category-editais-coordenacao","category-informativos","category-informativos-coordenacao","category-noticias"],"acf":[],"_links":{"self":[{"href":"https:\/\/direito.ufpr.br\/index.php?rest_route=\/wp\/v2\/posts\/51971","targetHints":{"allow":["GET"]}}],"collection":[{"href":"https:\/\/direito.ufpr.br\/index.php?rest_route=\/wp\/v2\/posts"}],"about":[{"href":"https:\/\/direito.ufpr.br\/index.php?rest_route=\/wp\/v2\/types\/post"}],"author":[{"embeddable":true,"href":"https:\/\/direito.ufpr.br\/index.php?rest_route=\/wp\/v2\/users\/54"}],"replies":[{"embeddable":true,"href":"https:\/\/direito.ufpr.br\/index.php?rest_route=%2Fwp%2Fv2%2Fcomments&post=51971"}],"version-history":[{"count":9,"href":"https:\/\/direito.ufpr.br\/index.php?rest_route=\/wp\/v2\/posts\/51971\/revisions"}],"predecessor-version":[{"id":52634,"href":"https:\/\/direito.ufpr.br\/index.php?rest_route=\/wp\/v2\/posts\/51971\/revisions\/52634"}],"wp:attachment":[{"href":"https:\/\/direito.ufpr.br\/index.php?rest_route=%2Fwp%2Fv2%2Fmedia&parent=51971"}],"wp:term":[{"taxonomy":"category","embeddable":true,"href":"https:\/\/direito.ufpr.br\/index.php?rest_route=%2Fwp%2Fv2%2Fcategories&post=51971"},{"taxonomy":"post_tag","embeddable":true,"href":"https:\/\/direito.ufpr.br\/index.php?rest_route=%2Fwp%2Fv2%2Ftags&post=51971"}],"curies":[{"name":"wp","href":"https:\/\/api.w.org\/{rel}","templated":true}]}}