{"id":52795,"date":"2025-07-14T08:49:46","date_gmt":"2025-07-14T11:49:46","guid":{"rendered":"https:\/\/direito.ufpr.br\/?p=52795"},"modified":"2025-07-14T08:55:12","modified_gmt":"2025-07-14T11:55:12","slug":"52795","status":"publish","type":"post","link":"https:\/\/direito.ufpr.br\/?p=52795","title":{"rendered":"Edital n\u00ba 09\/2025 &#8211; JD\/CDIR &#8211; Abertura de matr\u00edculas em disciplinas t\u00f3picas 2\u00ba semestre de 2025 e DB451- Viv\u00eancias em Direitos Humanos (disciplina obrigat\u00f3ria para alunos do curr\u00edculo novo)"},"content":{"rendered":"\n<h2 class=\"wp-block-heading\"><a href=\"https:\/\/direito.ufpr.br\/wp-content\/uploads\/2025\/07\/Edital-09-2025-JD-CDIR-Abertura-de-Matriculas-em-disciplinas-topicas-2o-2025-e-DB451-Vivencias-em-Direitos-Humanos-disciplina-obrigatoria-para-alunos-curriculo-novo.pdf\">https:\/\/direito.ufpr.br\/wp-content\/uploads\/2025\/07\/Edital-09-2025-JD-CDIR-Abertura-de-Matriculas-em-disciplinas-topicas-2o-2025-e-DB451-Vivencias-em-Direitos-Humanos-disciplina-obrigatoria-para-alunos-curriculo-novo.pdf<\/a><\/h2>\n","protected":false},"excerpt":{"rendered":"<p>https:\/\/direito.ufpr.br\/wp-content\/uploads\/2025\/07\/Edital-09-2025-JD-CDIR-Abertura-de-Matriculas-em-disciplinas-topicas-2o-2025-e-DB451-Vivencias-em-Direitos-Humanos-disciplina-obrigatoria-para-alunos-curriculo-novo.pdf<\/p>\n","protected":false},"author":57,"featured_media":0,"comment_status":"open","ping_status":"open","sticky":false,"template":"","format":"standard","meta":{"_acf_changed":false,"_eb_attr":"","footnotes":""},"categories":[2,90,89,86,99],"tags":[],"class_list":["post-52795","post","type-post","status-publish","format-standard","hentry","category-coordenacao-2","category-editais","category-editais-coordenacao","category-informativos","category-informativos-coordenacao"],"acf":[],"_links":{"self":[{"href":"https:\/\/direito.ufpr.br\/index.php?rest_route=\/wp\/v2\/posts\/52795","targetHints":{"allow":["GET"]}}],"collection":[{"href":"https:\/\/direito.ufpr.br\/index.php?rest_route=\/wp\/v2\/posts"}],"about":[{"href":"https:\/\/direito.ufpr.br\/index.php?rest_route=\/wp\/v2\/types\/post"}],"author":[{"embeddable":true,"href":"https:\/\/direito.ufpr.br\/index.php?rest_route=\/wp\/v2\/users\/57"}],"replies":[{"embeddable":true,"href":"https:\/\/direito.ufpr.br\/index.php?rest_route=%2Fwp%2Fv2%2Fcomments&post=52795"}],"version-history":[{"count":2,"href":"https:\/\/direito.ufpr.br\/index.php?rest_route=\/wp\/v2\/posts\/52795\/revisions"}],"predecessor-version":[{"id":52798,"href":"https:\/\/direito.ufpr.br\/index.php?rest_route=\/wp\/v2\/posts\/52795\/revisions\/52798"}],"wp:attachment":[{"href":"https:\/\/direito.ufpr.br\/index.php?rest_route=%2Fwp%2Fv2%2Fmedia&parent=52795"}],"wp:term":[{"taxonomy":"category","embeddable":true,"href":"https:\/\/direito.ufpr.br\/index.php?rest_route=%2Fwp%2Fv2%2Fcategories&post=52795"},{"taxonomy":"post_tag","embeddable":true,"href":"https:\/\/direito.ufpr.br\/index.php?rest_route=%2Fwp%2Fv2%2Ftags&post=52795"}],"curies":[{"name":"wp","href":"https:\/\/api.w.org\/{rel}","templated":true}]}}