{"id":53568,"date":"2025-10-24T16:21:47","date_gmt":"2025-10-24T19:21:47","guid":{"rendered":"https:\/\/direito.ufpr.br\/?p=53568"},"modified":"2026-03-26T17:39:19","modified_gmt":"2026-03-26T20:39:19","slug":"53568","status":"publish","type":"post","link":"https:\/\/direito.ufpr.br\/?p=53568","title":{"rendered":"Edital n\u00ba 330\/25-PROGEPE \u2013 Concurso para o Magist\u00e9rio Superior para Classe A \u2013 Assistente I, na \u00e1rea de Direito Civil (per\u00edodo de inscri\u00e7\u00f5es: de 27\/10\/2025 a 25\/11\/2025)"},"content":{"rendered":"<p><a href=\"https:\/\/direito.ufpr.br\/wp-content\/uploads\/2025\/10\/Edital-330-25-PROGEPE-Abertura.pdf\">Edital 330-25-PROGEPE &#8211; Abertura<\/a> (publicado em 24\/10\/2025 \u00e0s 16h26)<\/p>\n<p><a href=\"https:\/\/direito.ufpr.br\/wp-content\/uploads\/2025\/10\/PROGRAMA.pdf\">PROGRAMA<\/a> (publicado em 24\/10\/2025 \u00e0s 16h26)<\/p>\n<p><a href=\"https:\/\/direito.ufpr.br\/wp-content\/uploads\/2025\/10\/Res.-66-A-16-CEPE-Concurso-atual-alterada-pela-Res.-31-21-CEPE.docx.pdf\">Res. 66-A\/16-CEPE<\/a> Estabelece normas de concurso p\u00fablico para o magist\u00e9rio superior na UFPR (publicado em 24\/10\/2025 \u00e0s 16h27)<\/p>\n<p><a href=\"https:\/\/direito.ufpr.br\/wp-content\/uploads\/2025\/10\/Res.-70-16-CEPE-tabela-de-pontuacao.pdf\">Res. 70\/16-CEPE<\/a> Complementa a Res. 66-A\/16-CEPE \u2013 fixa a tabela de pontua\u00e7\u00e3o para avalia\u00e7\u00e3o de curr\u00edculo (publicado em 24\/10\/2025 \u00e0s 16h28)<\/p>\n<p><a href=\"https:\/\/direito.ufpr.br\/wp-content\/uploads\/2025\/10\/res.-19-25-CEPE-Cotas.pdf\">Res. 19\/25-CEPE<\/a> Estabelece procedimentos para a reserva de cotas (publicado em 24\/10\/2025 \u00e0s 16h29)<\/p>\n<p><a href=\"https:\/\/direito.ufpr.br\/wp-content\/uploads\/2025\/10\/Parecer-pedido-de-isencao-de-taxa-de-inscricao.pdf\">Parecer com o resultado do pedido de isen\u00e7\u00e3o de taxa de inscri\u00e7\u00e3o para doadores de medula \u00f3ssea (REDOME)<\/a> (publicado em 06\/11\/2025 \u00e0s 15h50)<\/p>\n<p><a href=\"https:\/\/direito.ufpr.br\/wp-content\/uploads\/2025\/10\/Ata-Homologacao-das-Inscricoes.pdf\">Ata &#8211; Homologa\u00e7\u00e3o das Inscri\u00e7\u00f5es<\/a> (publicado em 05\/12\/2025 \u00e0s 15h53)<\/p>\n<p><a href=\"https:\/\/direito.ufpr.br\/wp-content\/uploads\/2025\/10\/SEI_8494948_Despacho_81-2.pdf\">Despacho 81<\/a> Prorroga\u00e7\u00e3o do prazo para o in\u00edcio das provas (publicado em 23\/12\/2025 \u00e0s 18h50)<\/p>\n<p><a href=\"https:\/\/direito.ufpr.br\/wp-content\/uploads\/2025\/10\/Portaria-02_2026-SCJ-Banca-Examinadora.pdf\">Portaria 02\/2026-SCJ Banca Examinadora\u00a0<\/a>(publicado em 19\/02\/2026 \u00e0s 10h28)<\/p>\n<p><a href=\"https:\/\/direito.ufpr.br\/wp-content\/uploads\/2025\/10\/Cronograma.pdf\">Cronograma\u00a0<\/a> (publicado em 24\/02\/2026 \u00e0s 10h45)<\/p>\n<p><a href=\"https:\/\/direito.ufpr.br\/wp-content\/uploads\/2025\/10\/Aprovados-na-Prova-Escrita.pdf\">Edital de aprovados na Prova Escrita e convoca\u00e7\u00e3o para sorteio de pontos da Prova Did\u00e1tica<\/a> (publicado em 10\/03\/2026 \u00e0s 17h37)<\/p>\n<p><a href=\"https:\/\/direito.ufpr.br\/wp-content\/uploads\/2025\/10\/SEI_8666253_Informacao_6-1.pdf\">Informacao 6 &#8211; Local da prova did\u00e1tica<\/a>\u00a0(publicado em 11\/03\/2026 \u00e0s 17h40)<\/p>\n<p><a href=\"https:\/\/direito.ufpr.br\/wp-content\/uploads\/2025\/10\/Aprovados-na-Prova-Didatica.pdf\">Edital de aprovados na Prova Did\u00e1tica<\/a> (publicado em 12\/03\/2026 \u00e0s 17h09)<\/p>\n<p><a href=\"https:\/\/direito.ufpr.br\/wp-content\/uploads\/2025\/10\/SEI_8671861_Informacao_9-1.pdf\">Parecer conclusivo<\/a> (publicado em 13\/03\/2026 \u00e0s 14:25)<\/p>\n<p><a href=\"https:\/\/direito.ufpr.br\/wp-content\/uploads\/2025\/10\/Homologacao-pelo-Conselho-Setorial-do-Parecer-Conclusivo.pdf\">Homologa\u00e7\u00e3o pelo Conselho Setorial do Parecer Conclusivo<\/a> (publicado em 26\/03\/2026 \u00e0s 17h39)<\/p>\n","protected":false},"excerpt":{"rendered":"<p>Edital 330-25-PROGEPE &#8211; Abertura (publicado em 24\/10\/2025 \u00e0s 16h26) PROGRAMA (publicado em 24\/10\/2025 \u00e0s 16h26) Res. 66-A\/16-CEPE Estabelece normas de concurso p\u00fablico para o magist\u00e9rio superior na UFPR (publicado em 24\/10\/2025 \u00e0s 16h27) Res. 70\/16-CEPE Complementa a Res. 66-A\/16-CEPE \u2013 fixa a tabela de pontua\u00e7\u00e3o para avalia\u00e7\u00e3o de curr\u00edculo (publicado em 24\/10\/2025 \u00e0s 16h28) Res. [&hellip;]<\/p>\n","protected":false},"author":11,"featured_media":0,"comment_status":"open","ping_status":"open","sticky":false,"template":"","format":"standard","meta":{"_acf_changed":false,"_eb_attr":"","footnotes":""},"categories":[122,126,1],"tags":[],"class_list":["post-53568","post","type-post","status-publish","format-standard","hentry","category-concursos-publicos","category-direito-civil-e-processual-civil","category-sem-categoria"],"acf":[],"_links":{"self":[{"href":"https:\/\/direito.ufpr.br\/index.php?rest_route=\/wp\/v2\/posts\/53568","targetHints":{"allow":["GET"]}}],"collection":[{"href":"https:\/\/direito.ufpr.br\/index.php?rest_route=\/wp\/v2\/posts"}],"about":[{"href":"https:\/\/direito.ufpr.br\/index.php?rest_route=\/wp\/v2\/types\/post"}],"author":[{"embeddable":true,"href":"https:\/\/direito.ufpr.br\/index.php?rest_route=\/wp\/v2\/users\/11"}],"replies":[{"embeddable":true,"href":"https:\/\/direito.ufpr.br\/index.php?rest_route=%2Fwp%2Fv2%2Fcomments&post=53568"}],"version-history":[{"count":20,"href":"https:\/\/direito.ufpr.br\/index.php?rest_route=\/wp\/v2\/posts\/53568\/revisions"}],"predecessor-version":[{"id":55184,"href":"https:\/\/direito.ufpr.br\/index.php?rest_route=\/wp\/v2\/posts\/53568\/revisions\/55184"}],"wp:attachment":[{"href":"https:\/\/direito.ufpr.br\/index.php?rest_route=%2Fwp%2Fv2%2Fmedia&parent=53568"}],"wp:term":[{"taxonomy":"category","embeddable":true,"href":"https:\/\/direito.ufpr.br\/index.php?rest_route=%2Fwp%2Fv2%2Fcategories&post=53568"},{"taxonomy":"post_tag","embeddable":true,"href":"https:\/\/direito.ufpr.br\/index.php?rest_route=%2Fwp%2Fv2%2Ftags&post=53568"}],"curies":[{"name":"wp","href":"https:\/\/api.w.org\/{rel}","templated":true}]}}