{"id":55516,"date":"2026-04-27T11:12:44","date_gmt":"2026-04-27T14:12:44","guid":{"rendered":"https:\/\/direito.ufpr.br\/?p=55516"},"modified":"2026-04-28T10:00:20","modified_gmt":"2026-04-28T13:00:20","slug":"edital-no-163-2026-progepe-processo-seletivo-para-professor-substituto-na-area-de-pratica-juridica-penal-40h-periodo-de-inscricao-27-04-2026-a-04-05-2026","status":"publish","type":"post","link":"https:\/\/direito.ufpr.br\/?p=55516","title":{"rendered":"Edital n\u00ba 163\/2026-PROGEPE \u2013 Processo Seletivo para Professor Substituto na \u00e1rea de Pr\u00e1tica Jur\u00eddica Penal (40h)- Per\u00edodo de Inscri\u00e7\u00e3o: 27\/04\/2026 a 11\/05\/2026"},"content":{"rendered":"\n<p><a href=\"https:\/\/direito.ufpr.br\/wp-content\/uploads\/2026\/04\/Edital-163_2026-PROGEPE-1.pdf\" data-type=\"attachment\" data-id=\"55518\">Abertura &#8211; Edital-163_2026-PROGEPE<\/a> &#8211; (publicado em 27\/04\/2026 \u00e0s 11h28)<\/p>\n\n\n\n<p><a href=\"https:\/\/direito.ufpr.br\/wp-content\/uploads\/2026\/04\/Publicacao_em_DOU_Edital_163_2026.pdf\" data-type=\"attachment\" data-id=\"55524\">Publicacao_em_DOU_Edital_163_2026<\/a> (publicado em 27\/04\/2026 \u00e0s 11h28)<\/p>\n\n\n\n<p><a href=\"https:\/\/direito.ufpr.br\/wp-content\/uploads\/2026\/04\/RESOLUCAO-No-92_06-CEPE-1.pdf\" data-type=\"attachment\" data-id=\"55511\">RESOLUCAO-No-92_06-CEPE<\/a> &#8211; Estabelece normas para contrata\u00e7\u00e3o de professor substituto na Universidade Federal do Paran\u00e1 (publicado em 27\/04\/2026 \u00e0s 11h28)<\/p>\n\n\n\n<p><a href=\"https:\/\/direito.ufpr.br\/wp-content\/uploads\/2024\/06\/Res.-70-16-CEPE-1.pdf\" data-type=\"attachment\" data-id=\"47731\">Res.-70-16-CEPE-tabela-de-pontuacao<\/a> &#8211; Fixa a tabela de pontua\u00e7\u00e3o para avalia\u00e7\u00e3o de curr\u00edculo (publicado em 27\/04\/2026 \u00e0s 11h28)<\/p>\n\n\n\n<p><a href=\"https:\/\/direito.ufpr.br\/wp-content\/uploads\/2026\/04\/Resolucao-19_2025-1-1.pdf\" data-type=\"attachment\" data-id=\"55521\">Resolucao-19_2025<\/a> &#8211; Estabelece procedimentos para reserva de cotas (publicado em 27\/04\/2026 \u00e0s 11h28)<\/p>\n\n\n\n<p><a href=\"https:\/\/direito.ufpr.br\/wp-content\/uploads\/2026\/04\/PROGRAMA-PJPenal.pdf\" data-type=\"attachment\" data-id=\"55522\">PROGRAMA PJPenal<\/a> (publicado em 27\/04\/2026 \u00e0s 11h28)<\/p>\n\n\n\n<p><\/p>\n","protected":false},"excerpt":{"rendered":"<p>Abertura &#8211; Edital-163_2026-PROGEPE &#8211; (publicado em 27\/04\/2026 \u00e0s 11h28) Publicacao_em_DOU_Edital_163_2026 (publicado em 27\/04\/2026 \u00e0s 11h28) RESOLUCAO-No-92_06-CEPE &#8211; Estabelece normas para contrata\u00e7\u00e3o de professor substituto na Universidade Federal do Paran\u00e1 (publicado em 27\/04\/2026 \u00e0s 11h28) Res.-70-16-CEPE-tabela-de-pontuacao &#8211; Fixa a tabela de pontua\u00e7\u00e3o para avalia\u00e7\u00e3o de curr\u00edculo (publicado em 27\/04\/2026 \u00e0s 11h28) Resolucao-19_2025 &#8211; Estabelece procedimentos para [&hellip;]<\/p>\n","protected":false},"author":39,"featured_media":0,"comment_status":"open","ping_status":"open","sticky":false,"template":"","format":"standard","meta":{"_acf_changed":false,"_eb_attr":"","footnotes":""},"categories":[122,130],"tags":[],"class_list":["post-55516","post","type-post","status-publish","format-standard","hentry","category-concursos-publicos","category-nucleo-de-pratica-juridica"],"acf":[],"_links":{"self":[{"href":"https:\/\/direito.ufpr.br\/index.php?rest_route=\/wp\/v2\/posts\/55516","targetHints":{"allow":["GET"]}}],"collection":[{"href":"https:\/\/direito.ufpr.br\/index.php?rest_route=\/wp\/v2\/posts"}],"about":[{"href":"https:\/\/direito.ufpr.br\/index.php?rest_route=\/wp\/v2\/types\/post"}],"author":[{"embeddable":true,"href":"https:\/\/direito.ufpr.br\/index.php?rest_route=\/wp\/v2\/users\/39"}],"replies":[{"embeddable":true,"href":"https:\/\/direito.ufpr.br\/index.php?rest_route=%2Fwp%2Fv2%2Fcomments&post=55516"}],"version-history":[{"count":6,"href":"https:\/\/direito.ufpr.br\/index.php?rest_route=\/wp\/v2\/posts\/55516\/revisions"}],"predecessor-version":[{"id":55532,"href":"https:\/\/direito.ufpr.br\/index.php?rest_route=\/wp\/v2\/posts\/55516\/revisions\/55532"}],"wp:attachment":[{"href":"https:\/\/direito.ufpr.br\/index.php?rest_route=%2Fwp%2Fv2%2Fmedia&parent=55516"}],"wp:term":[{"taxonomy":"category","embeddable":true,"href":"https:\/\/direito.ufpr.br\/index.php?rest_route=%2Fwp%2Fv2%2Fcategories&post=55516"},{"taxonomy":"post_tag","embeddable":true,"href":"https:\/\/direito.ufpr.br\/index.php?rest_route=%2Fwp%2Fv2%2Ftags&post=55516"}],"curies":[{"name":"wp","href":"https:\/\/api.w.org\/{rel}","templated":true}]}}