{"id":56220,"date":"2026-07-15T14:34:56","date_gmt":"2026-07-15T17:34:56","guid":{"rendered":"https:\/\/direito.ufpr.br\/?p=56220"},"modified":"2026-07-31T15:50:23","modified_gmt":"2026-07-31T18:50:23","slug":"programa-institucional-de-monitoria-segundo-semestre-do-ano-letivo-de-2026","status":"publish","type":"post","link":"https:\/\/direito.ufpr.br\/?p=56220","title":{"rendered":"Programa Institucional de Monitoria \u2013 Segundo Semestre do ano letivo de 2026"},"content":{"rendered":"<p><a href=\"https:\/\/direito.ufpr.br\/wp-content\/uploads\/2026\/07\/Edital-03-2026-PROGRAP-COAPPE-Abertura-do-PIM.pdf\">Edital 03-2026-PROGRAP-COAPPE &#8211; Abertura do PIM<\/a><\/p>\n<p><a href=\"https:\/\/direito.ufpr.br\/wp-content\/uploads\/2026\/07\/Edital-05-2026-PROGRAP-COAPPE-Resultado.pdf\">Edital 05-2026-PROGRAP-COAPPE &#8211; Resultado<\/a><\/p>\n<p><a href=\"https:\/\/direito.ufpr.br\/wp-content\/uploads\/2026\/07\/Res-91-99-CEPE-normas-para-o-Programa-de-Monitoria.pdf\">Res 91-99-CEPE normas para o Programa de Monitoria<\/a><\/p>\n<p><a href=\"https:\/\/direito.ufpr.br\/wp-content\/uploads\/2026\/07\/Res-43-03-CEPE-criterios-para-selecao-de-monitores.pdf\">Res 43-03-CEPE crit\u00e9rios para sele\u00e7\u00e3o de monitores<\/a><\/p>\n<p><a href=\"https:\/\/direito.ufpr.br\/wp-content\/uploads\/2026\/07\/REQUERIMENTO-INSCRICAO.doc\">REQUERIMENTO &#8211; INSCRI\u00c7\u00c3O<\/a><\/p>\n<p><strong>EDITAIS DE SELE\u00c7\u00c3O<\/strong><\/p>\n<ul>\n<li>as inscri\u00e7\u00f5es s\u00e3o realizadas conforme indicado no edital de sele\u00e7\u00e3o, no caso de avalia\u00e7\u00e3o na modalidade remota. Para as sele\u00e7\u00f5es presenciais, as inscri\u00e7\u00f5es podem ser encaminhadas para o e-mail departamentosjd@ufpr.br, com o requerimento e o hist\u00f3rico.<\/li>\n<li>os candidatos devem apresentar o hist\u00f3rico escolar com o IRA no momento da avalia\u00e7\u00e3o.<\/li>\n<\/ul>\n<p><a href=\"https:\/\/direito.ufpr.br\/wp-content\/uploads\/2026\/07\/Adriana-Espindola-Correa-DC439-Direito-Civil-B.pdf\">Adriana Esp\u00edndola Corr\u00eaa &#8211; DC439-Direito Civil B<\/a><\/p>\n<p><a href=\"https:\/\/direito.ufpr.br\/wp-content\/uploads\/2026\/07\/Ana-Carla-Harmatiuk-Matos-DC090-Direitos-Humanos-e-Relacoes-Familiares.pdf\">Ana Carla Harmatiuk Matos &#8211; DC090-Direitos Humanos e Rela\u00e7\u00f5es Familiares<\/a><\/p>\n<p><a href=\"https:\/\/direito.ufpr.br\/wp-content\/uploads\/2026\/07\/Ana-Carla-Harmatiuk-Matos-DC435-Direito-Civil-E.pdf\">Ana Carla Harmatiuk Matos &#8211; DC435-Direito Civil E<\/a><\/p>\n<p><a href=\"https:\/\/direito.ufpr.br\/wp-content\/uploads\/2026\/07\/Cesar-Antonio-Serbena-DV460-Filosofia-do-Direito.pdf\">Cesar Antonio Serbena &#8211; DV460-Filosofia do Direito<\/a><\/p>\n<p><a href=\"https:\/\/direito.ufpr.br\/wp-content\/uploads\/2026\/07\/EDITAL-SELECAO-Topica-Teoria-Decisao-Judicial-CLAYTON-2.pdf\">Clayton de Albuquerque Maranh\u00e3o &#8211; DC114-Teoria da Decis\u00e3o Judicial<\/a><\/p>\n<p><a href=\"https:\/\/direito.ufpr.br\/wp-content\/uploads\/2026\/07\/EDITAL-SELECAO-Processo-Civil-A-Not-CLAYTON-5.pdf\">Clayton de Albuquerque Maranh\u00e3o &#8211; DC443-Direito Processual Civil A<\/a><\/p>\n<p><a href=\"https:\/\/direito.ufpr.br\/wp-content\/uploads\/2026\/07\/Eduardo-Talamini-DC107-Meios-Alternativos-de-Solucao-de-Litigios.pdf\">Eduardo Talamini &#8211; DC107-Meios Alternativos de Solu\u00e7\u00e3o de Lit\u00edgios<\/a><\/p>\n<p><a href=\"https:\/\/direito.ufpr.br\/wp-content\/uploads\/2026\/07\/Eduardo-Talamini-DC443-Direito-Processual-Civil-A.pdf\">Eduardo Talamini &#8211; DC443-Direito Processual Civil A<\/a><\/p>\n<p><a href=\"https:\/\/direito.ufpr.br\/wp-content\/uploads\/2026\/07\/Egon-Bockmann-Moreira-DB445-Direito-Economico.pdf\">Egon Bockmann Moreira &#8211; DB445-Direito Econ\u00f4mico<\/a><\/p>\n<p><a href=\"https:\/\/direito.ufpr.br\/wp-content\/uploads\/2026\/07\/Elton-Venturi-DC445-Direito-Processual-Civil-C.pdf\">Elton Venturi &#8211; DC445-Direito Processual Civil C<\/a><\/p>\n<p><a href=\"https:\/\/direito.ufpr.br\/wp-content\/uploads\/2026\/07\/Eroulths-Cortiano-Junior-DC440-Direito-Civil-C.pdf\">Eroulths Cortiano J\u00fanior &#8211; DC440-Direito Civil C<\/a><\/p>\n<p><a href=\"https:\/\/direito.ufpr.br\/wp-content\/uploads\/2026\/07\/Francisco-de-Assis-do-Rego-Monteiro-Rocha-Junior-DP428-Direito-Penal-A.pdf\">Francisco de Assis do Rego Monteiro Rocha J\u00fanior &#8211; DP428-Direito Penal A<\/a><\/p>\n<p><a href=\"https:\/\/direito.ufpr.br\/wp-content\/uploads\/2026\/07\/Frederico-Eduardo-Zenedin-Glitz-DC438-Direito-Civil-A.pdf\">Frederico Eduardo Zenedin Glitz &#8211; DC438-Direito Civil A<\/a><\/p>\n<p><a href=\"https:\/\/direito.ufpr.br\/wp-content\/uploads\/2026\/07\/Gustavo-Osna-DC443-Direito-Processual-Civil-A.pdf\">Gustavo Osna &#8211; DC443-Direito Processual Civil A<\/a><\/p>\n<p><a href=\"https:\/\/direito.ufpr.br\/wp-content\/uploads\/2026\/07\/Luciana-Pedroso-Xavier-DC045-Topicos-em-Direito-de-Familia-A.pdf\">Luciana Pedroso Xavier &#8211; DC045-T\u00f3picos em Direito de Fam\u00edlia A<\/a><\/p>\n<p><a href=\"https:\/\/direito.ufpr.br\/wp-content\/uploads\/2026\/07\/Luciana-Pedroso-Xavier-DC441-Direito-Civil-D.pdf\">Luciana Pedroso Xavier &#8211; DC441-Direito Civil D<\/a><\/p>\n<p><a href=\"https:\/\/direito.ufpr.br\/wp-content\/uploads\/2026\/07\/Luciana-Reusing-DB452-Direito-Internacional-Publico.pdf\">Luciana Reusing &#8211; DB452-Direito Internacional P\u00fablico<\/a><\/p>\n<p><a href=\"https:\/\/direito.ufpr.br\/wp-content\/uploads\/2026\/07\/Luiz-Daniel-Rodrigues-Haj-Mussi-DV163-Titulos-de-Credito-e-Outros-Instrumentos-de-Credito.pdf\">Luiz Daniel Rodrigues Haj Mussi &#8211; DV163-T\u00edtulos de Cr\u00e9dito e Outros Instrumentos de Cr\u00e9dito<\/a><\/p>\n<p><a href=\"https:\/\/direito.ufpr.br\/wp-content\/uploads\/2026\/07\/Luiz-Daniel-Rodrigues-Haj-Mussi-DV173-Direito-Empresarial-Aplicado.pdf\">Luiz Daniel Rodrigues Haj Mussi &#8211; DV173-Direito Empresarial Aplicado<\/a><\/p>\n<p><a href=\"https:\/\/direito.ufpr.br\/wp-content\/uploads\/2026\/07\/Luiz-Daniel-Rodrigues-Haj-Mussi-DV463-Direito-Empresarial-B.pdf\">Luiz Daniel Rodrigues Haj Mussi &#8211; DV463-Direito Empresarial B<\/a><\/p>\n<p><a href=\"https:\/\/direito.ufpr.br\/wp-content\/uploads\/2026\/07\/Marcia-Carla-Pereira-Ribeiro-DV462-Direito-Empresarial-A.pdf\">Marcia Carla Pereira Ribeiro &#8211; DV462-Direito Empresarial A<\/a><\/p>\n<p><a href=\"https:\/\/direito.ufpr.br\/wp-content\/uploads\/2026\/07\/Marcos-Wachowicz-DV461-Direito-Digital.pdf\">Marcos Wachowicz &#8211; DV461-Direito Digital<\/a><\/p>\n<p><a href=\"https:\/\/direito.ufpr.br\/wp-content\/uploads\/2026\/07\/Melina-Girard-Fachin-DB190-Constitucionalismo-Feminista.pdf\">Melina Girard Fachin &#8211; DB190-Constitucionalismo Feminista<\/a><\/p>\n<p><a href=\"https:\/\/direito.ufpr.br\/wp-content\/uploads\/2026\/07\/Noa-Piata-Bassfeld-Gnata-DV464-Direito-do-Trabalho.pdf\">Noa Piat\u00e3 Bassfeld Gnata &#8211; DV464-Direito do Trabalho<\/a><\/p>\n<p><a href=\"https:\/\/direito.ufpr.br\/wp-content\/uploads\/2026\/07\/Paulo-Cesar-Busato-DP429-Direito-Penal-B.pdf\">Paulo Cesar Busato &#8211; DP429-Direito Penal B<\/a><\/p>\n<p><a href=\"https:\/\/direito.ufpr.br\/wp-content\/uploads\/2026\/07\/Ricardo-Prestes-Pazello-DB451-Vivencias-em-Direitos-Humanos-1.pdf\">Ricardo Prestes Pazello &#8211; DB451-Viv\u00eancias em Direitos Humanos<\/a><\/p>\n<p><a href=\"https:\/\/direito.ufpr.br\/wp-content\/uploads\/2026\/07\/Ricardo-Prestes-Pazello-DB454-Antropologia-Juridica-1.pdf\">Ricardo Prestes Pazello &#8211; DB454-Antropologia Jur\u00eddica<\/a><\/p>\n<p><a href=\"https:\/\/direito.ufpr.br\/wp-content\/uploads\/2026\/07\/Ricardo-Rachid-de-Oliveira-DP428-Direito-Penal-A.pdf\">Ricardo Rachid de Oliveira &#8211; DP428-Direito Penal A<\/a><\/p>\n<p><a href=\"https:\/\/direito.ufpr.br\/wp-content\/uploads\/2026\/07\/Rodrigo-Luis-Kanayama-DB189-Direito-Notarial-e-Registral.pdf\">Rodrigo Lu\u00eds Kanayama &#8211; DB189-Direito Notarial e Registral<\/a><\/p>\n<p><a href=\"https:\/\/direito.ufpr.br\/wp-content\/uploads\/2026\/07\/Rodrigo-Luis-Kanayama-DB456-Direito-Financeiro.pdf\">Rodrigo Lu\u00eds Kanayama &#8211; DB456-Direito Financeiro<\/a><\/p>\n<p><a href=\"https:\/\/direito.ufpr.br\/wp-content\/uploads\/2026\/07\/Rodrigo-Rossi-Horochovski-DB450-Direito-e-Sociedade.pdf\">Rodrigo Rossi Horochovski &#8211; DB450-Direito e Sociedade<\/a><\/p>\n<p><a href=\"https:\/\/direito.ufpr.br\/wp-content\/uploads\/2026\/07\/Rodrigo-Rossi-Horochovski-DB454-Antropologia-Juridica.pdf\">Rodrigo Rossi Horochovski &#8211; DB454-Antropologia Jur\u00eddica<\/a><\/p>\n<p><a href=\"https:\/\/direito.ufpr.br\/wp-content\/uploads\/2026\/07\/Rosalice-Fidalgo-Pinheiro-DC089-Consumidor-e-Relacoes-Interprivadas.pdf\">Rosalice Fidalgo Pinheiro &#8211; DC089-Consumidor e Rela\u00e7\u00f5es Interprivadas<\/a><\/p>\n<p><a href=\"https:\/\/direito.ufpr.br\/wp-content\/uploads\/2026\/07\/Rosalice-Fidalgo-Pinheiro-DC438-Direito-Civil-A.pdf\">Rosalice Fidalgo Pinheiro &#8211; DC438-Direito Civil A<\/a><\/p>\n<p><a href=\"https:\/\/direito.ufpr.br\/wp-content\/uploads\/2026\/07\/Rosalice-Fidalgo-Pinheiro-DC441-Direito-Civil-D.pdf\">Rosalice Fidalgo Pinheiro &#8211; DC441-Direito Civil D<\/a><\/p>\n<p><a href=\"https:\/\/direito.ufpr.br\/wp-content\/uploads\/2026\/07\/Rui-Carlo-Dissenha-DP406-Pratica-Juridica-Penal.pdf\">Rui Carlo Dissenha &#8211; DP406-Pr\u00e1tica Jur\u00eddica Penal<\/a><\/p>\n<p><a href=\"https:\/\/direito.ufpr.br\/wp-content\/uploads\/2026\/07\/Rui-Carlo-Dissenha-DP430-Direito-Penal-C.pdf\">Rui Carlo Dissenha &#8211; DP430-Direito Penal C<\/a><\/p>\n<p><a href=\"https:\/\/direito.ufpr.br\/wp-content\/uploads\/2026\/07\/Sergio-Cruz-Arenhart-DC444-Direito-Processual-Civil-B-1.pdf\">S\u00e9rgio Cruz Arenhart &#8211; DC444-Direito Processual Civil B<\/a><\/p>\n<p><a href=\"https:\/\/direito.ufpr.br\/wp-content\/uploads\/2026\/07\/Thiago-de-Azevedo-Pinheiro-Hoshino-DV456-Metodologia-do-Trabalho-Cientifico.pdf\">Thiago de Azevedo Pinheiro Hoshino &#8211; DV456-Metodologia do Trabalho Cient\u00edfico<\/a><\/p>\n<p><a href=\"https:\/\/direito.ufpr.br\/wp-content\/uploads\/2026\/07\/Thiago-Freitas-Hansen-DV457-Teoria-do-Direito.pdf\">Thiago Freitas Hansen &#8211; DV457-Teoria do Direito<\/a><\/p>\n<p><a href=\"https:\/\/direito.ufpr.br\/wp-content\/uploads\/2026\/07\/Vicente-de-Paula-Ataide-Junior-DC112-Tutela-Jurisdicional-dos-Animais.pdf\">Vicente de Paula Ataide J\u00fanior &#8211; DC112-Tutela Jurisdicional dos Animais<\/a><\/p>\n<p><a href=\"https:\/\/direito.ufpr.br\/wp-content\/uploads\/2026\/07\/Vicente-de-Paula-Ataide-Junior-DC444-Direito-Processual-Civil-B.pdf\">Vicente de Paula Ataide J\u00fanior &#8211; DC444-Direito Processual Civil B<\/a><\/p>\n<p><a href=\"https:\/\/direito.ufpr.br\/wp-content\/uploads\/2026\/07\/Vinicius-Klein-DV164-Contratos-Empresariais-e-Mercado.pdf\">Vin\u00edcius Klein &#8211; DV164-Contratos Empresariais e Mercado<\/a><\/p>\n<p><a href=\"https:\/\/direito.ufpr.br\/wp-content\/uploads\/2026\/07\/Vinicius-Klein-DV164-Contratos-Empresariais-e-Mercado-NOVA-DATA.pdf\">Vin\u00edcius Klein &#8211; DV164-Contratos Empresariais e Mercado &#8211; <strong>NOVA DATA<\/strong><\/a><\/p>\n<p><a href=\"https:\/\/direito.ufpr.br\/wp-content\/uploads\/2026\/07\/Vinicius-Klein-DV463-Direito-Empresarial-B.pdf\">Vin\u00edcius Klein &#8211; DV463-Direito Empresarial B<\/a><\/p>\n<p><a href=\"https:\/\/direito.ufpr.br\/wp-content\/uploads\/2026\/07\/Walter-Guandalini-Junior-DV458-Historia-do-Direito-A.pdf\">Walter Guandalini J\u00fanior &#8211; DV458-Hist\u00f3ria do Direito A<\/a><\/p>\n<p><a href=\"https:\/\/direito.ufpr.br\/wp-content\/uploads\/2026\/07\/Walter-Guandalini-Junior-DV459-Historia-do-Direito-B.pdf\">Walter Guandalini J\u00fanior &#8211; DV459-Hist\u00f3ria do Direito B<\/a><\/p>\n<p><a href=\"https:\/\/direito.ufpr.br\/wp-content\/uploads\/2026\/07\/William-Soares-Pugliese-DC445-Direito-Processual-Civil-C.pdf\">William Soares Pugliese-DC445-Direito Processual Civil C<\/a><\/p>\n<p><strong>RESULTADOS DAS SELE\u00c7\u00d5ES\u00a0<\/strong><\/p>\n<p><a href=\"https:\/\/direito.ufpr.br\/wp-content\/uploads\/2026\/07\/Resultado-Adriana-Espindola-Correa-DC439-Direito-Civil-B.pdf\">Resultado &#8211; Adriana Esp\u00edndola Corr\u00eaa &#8211; DC439-Direito Civil B<\/a><\/p>\n<p><a href=\"https:\/\/direito.ufpr.br\/wp-content\/uploads\/2026\/07\/Resultado-Ana-Carla-Harmatiuk-Matos-DC435-Direito-Civil-E.pdf\">Resultado &#8211; Ana Carla Harmatiuk Matos &#8211; DC435-Direito Civil E<\/a><\/p>\n<p><a href=\"https:\/\/direito.ufpr.br\/wp-content\/uploads\/2026\/07\/Resultado-Cesar-Antonio-Serbena-DV460-Filosofia-do-Direito.pdf\">Resultado &#8211; Cesar Antonio Serbena &#8211; DV460-Filosofia do Direito<\/a><\/p>\n<p><a href=\"https:\/\/direito.ufpr.br\/wp-content\/uploads\/2026\/07\/Resultado-Clayton-de-Albuquerque-Maranhao-DC114-Teoria-da-Decisao-Judicial.pdf\">Resultado &#8211; Clayton de Albuquerque Maranh\u00e3o &#8211; DC114-Teoria da Decis\u00e3o Judicial<\/a><\/p>\n<p><a href=\"https:\/\/direito.ufpr.br\/wp-content\/uploads\/2026\/07\/Resultado-Clayton-de-Albuquerque-Maranhao-DC443-Direito-Processual-Civil-A.pdf\">Resultado &#8211; Clayton de Albuquerque Maranh\u00e3o &#8211; DC443-Direito Processual Civil A<\/a><\/p>\n<p><a href=\"https:\/\/direito.ufpr.br\/wp-content\/uploads\/2026\/07\/Resultado-Eduardo-Talamini-DC107-Meios-Alternativos-de-Solucao-de-Litigios.pdf\">Resultado &#8211; Eduardo Talamini &#8211; DC107-Meios Alternativos de Solu\u00e7\u00e3o de Lit\u00edgios<\/a><\/p>\n<p><a href=\"https:\/\/direito.ufpr.br\/wp-content\/uploads\/2026\/07\/Resultado-Eduardo-Talamini-DC443-Direito-Processual-Civil-A.pdf\">Resultado &#8211; Eduardo Talamini &#8211; DC443-Direito Processual Civil A<\/a><\/p>\n<p><a href=\"https:\/\/direito.ufpr.br\/wp-content\/uploads\/2026\/07\/Resultado-Egon-Bockmann-Moreira-DB445-Direito-Economico.pdf\">Resultado &#8211; Egon Bockmann Moreira &#8211; DB445-Direito Econ\u00f4mico<\/a><\/p>\n<p><a href=\"https:\/\/direito.ufpr.br\/wp-content\/uploads\/2026\/07\/Resultado-Elton-Venturi-DC445-Direito-Processual-Civil-C.pdf\">Resultado &#8211; Elton Venturi &#8211; DC445-Direito Processual Civil C<\/a><\/p>\n<p><a href=\"https:\/\/direito.ufpr.br\/wp-content\/uploads\/2026\/07\/Resultado-Eroulths-Cortiano-Junior-DC440-Direito-Civil-C.pdf\">Resultado &#8211; Eroulths Cortiano J\u00fanior &#8211; DC440-Direito Civil C<\/a><\/p>\n<p><a href=\"https:\/\/direito.ufpr.br\/wp-content\/uploads\/2026\/07\/Resultado-Francisco-de-Assis-do-Rego-Monteiro-Rocha-Junior-DP428-Direito-Penal-A.pdf\">Resultado &#8211; Francisco de Assis do Rego Monteiro Rocha J\u00fanior &#8211; DP428-Direito Penal A<\/a><\/p>\n<p><a href=\"https:\/\/direito.ufpr.br\/wp-content\/uploads\/2026\/07\/Resultado-Frederico-Eduardo-Zenedin-Glitz-DC438-Direito-Civil-A.pdf\">Resultado &#8211; Frederico Eduardo Zenedin Glitz &#8211; DC438-Direito Civil A<\/a><\/p>\n<p><a href=\"https:\/\/direito.ufpr.br\/wp-content\/uploads\/2026\/07\/Resultado-Gustavo-Osna-DC443-Direito-Processual-Civil-A.pdf\">Resultado &#8211; Gustavo Osna &#8211; DC443-Direito Processual Civil A<\/a><\/p>\n<p><a href=\"https:\/\/direito.ufpr.br\/wp-content\/uploads\/2026\/07\/Resultado-Luciana-Pedroso-Xavier-DC045-Topicos-em-Direito-de-Familia-A.pdf\">Resultado &#8211; Luciana Pedroso Xavier &#8211; DC045-T\u00f3picos em Direito de Fam\u00edlia A<\/a><\/p>\n<p><a href=\"https:\/\/direito.ufpr.br\/wp-content\/uploads\/2026\/07\/Resultado-\u2013-Luciana-Pedroso-Xavier-\u2013-DC441-Direito-Civil-D.pdf\">Resultado \u2013 Luciana Pedroso Xavier \u2013 DC441-Direito Civil D<\/a><\/p>\n<p><a href=\"https:\/\/direito.ufpr.br\/wp-content\/uploads\/2026\/07\/Resultado-Luciana-Reusing-DB452-Direito-Internacional-Publico.pdf\">Resultado &#8211; Luciana Reusing &#8211; DB452-Direito Internacional P\u00fablico<\/a><\/p>\n<p><a href=\"https:\/\/direito.ufpr.br\/wp-content\/uploads\/2026\/07\/Resultado-Luiz-Daniel-Rodrigues-Haj-Mussi-DV163-Titulos-de-Credito-e-Outros-Instrumentos-de-Credito.pdf\">Resultado &#8211; Luiz Daniel Rodrigues Haj Mussi &#8211; DV163-T\u00edtulos de Cr\u00e9dito e Outros Instrumentos de Cr\u00e9dito<\/a><\/p>\n<p><a href=\"https:\/\/direito.ufpr.br\/wp-content\/uploads\/2026\/07\/Resultado-Luiz-Daniel-Rodrigues-Haj-Mussi-DV173-Direito-Empresarial-Aplicado.pdf\">Resultado &#8211; Luiz Daniel Rodrigues Haj Mussi &#8211; DV173-Direito Empresarial Aplicado<\/a><\/p>\n<p><a href=\"https:\/\/direito.ufpr.br\/wp-content\/uploads\/2026\/07\/Resultado-Luiz-Daniel-Rodrigues-Haj-Mussi-DV463-Direito-Empresarial-B.pdf\">Resultado &#8211; Luiz Daniel Rodrigues Haj Mussi &#8211; DV463-Direito Empresarial B<\/a><\/p>\n<p><a href=\"https:\/\/direito.ufpr.br\/wp-content\/uploads\/2026\/07\/Resultado-Marcos-Wachowicz-DV461-Direito-Digital.pdf\">Resultado &#8211; Marcos Wachowicz &#8211; DV461-Direito Digital<\/a><\/p>\n<p><a href=\"https:\/\/direito.ufpr.br\/wp-content\/uploads\/2026\/07\/Resultado-Melina-Girard-Fachin-DB190-Constitucionalismo-Feminista.pdf\">Resultado &#8211; Melina Girard Fachin &#8211; DB190-Constitucionalismo Feminista<\/a><\/p>\n<p><a href=\"https:\/\/direito.ufpr.br\/wp-content\/uploads\/2026\/07\/Resultado-Noa-Piata-Bassfeld-Gnata-DV464-Direito-do-Trabalho.pdf\">Resultado &#8211; Noa Piat\u00e3 Bassfeld Gnata &#8211; DV464-Direito do Trabalho<\/a><\/p>\n<p><a href=\"https:\/\/direito.ufpr.br\/wp-content\/uploads\/2026\/07\/Resultado-Paulo-Cesar-Busato-DP429-Direito-Penal-B.pdf\">Resultado &#8211; Paulo Cesar Busato &#8211; DP429-Direito Penal B<\/a><\/p>\n<p><a href=\"https:\/\/direito.ufpr.br\/wp-content\/uploads\/2026\/07\/Resultado-Ricardo-Prestes-Pazello-DB451-Vivencias-em-Direitos-Humanos.pdf\">Resultado &#8211; Ricardo Prestes Pazello &#8211; DB451-Viv\u00eancias em Direitos Humanos<\/a><\/p>\n<p><a href=\"https:\/\/direito.ufpr.br\/wp-content\/uploads\/2026\/07\/Resultado-Ricardo-Prestes-Pazello-DB454-Antropologia-Juridica.pdf\">Resultado &#8211; Ricardo Prestes Pazello &#8211; DB454-Antropologia Jur\u00eddica<\/a><\/p>\n<p><a href=\"https:\/\/direito.ufpr.br\/wp-content\/uploads\/2026\/07\/Resultado-Ricardo-Rachid-de-Oliveira-DP428-Direito-Penal-A.pdf\">Resultado &#8211; Ricardo Rachid de Oliveira &#8211; DP428-Direito Penal A<\/a><\/p>\n<p><a href=\"https:\/\/direito.ufpr.br\/wp-content\/uploads\/2026\/07\/Resultado-Rodrigo-Luis-Kanayama-DB189-Direito-Notarial-e-Registral.pdf\">Resultado &#8211; Rodrigo Lu\u00eds Kanayama &#8211; DB189-Direito Notarial e Registral<\/a><\/p>\n<p><a href=\"https:\/\/direito.ufpr.br\/wp-content\/uploads\/2026\/07\/Resultado-Rodrigo-Luis-Kanayama-DB456-Direito-Financeiro.pdf\">Resultado &#8211; Rodrigo Lu\u00eds Kanayama &#8211; DB456-Direito Financeiro<\/a><\/p>\n<p><a href=\"https:\/\/direito.ufpr.br\/wp-content\/uploads\/2026\/07\/Resultado-Rodrigo-Rossi-Horochovski-DB450-Direito-e-Sociedade.pdf\">Resultado &#8211; Rodrigo Rossi Horochovski &#8211; DB450-Direito e Sociedade<\/a><\/p>\n<p><a href=\"https:\/\/direito.ufpr.br\/wp-content\/uploads\/2026\/07\/Resultado-Rodrigo-Rossi-Horochovski-DB454-Antropologia-Juridica.pdf\">Resultado &#8211; Rodrigo Rossi Horochovski &#8211; DB454-Antropologia Jur\u00eddica<\/a><\/p>\n<p><a href=\"https:\/\/direito.ufpr.br\/wp-content\/uploads\/2026\/07\/Resultado-Rosalice-Fidalgo-Pinheiro-DC089-Consumidor-e-Relacoes-Interprivadas.pdf\">Resultado &#8211; Rosalice Fidalgo Pinheiro &#8211; DC089-Consumidor e Rela\u00e7\u00f5es Interprivadas<\/a><\/p>\n<p><a href=\"https:\/\/direito.ufpr.br\/wp-content\/uploads\/2026\/07\/Resultado-Rosalice-Fidalgo-Pinheiro-DC438-Direito-Civil-A.pdf\">Resultado &#8211; Rosalice Fidalgo Pinheiro &#8211; DC438-Direito Civil A<\/a><\/p>\n<p><a href=\"https:\/\/direito.ufpr.br\/wp-content\/uploads\/2026\/07\/Resultado-Rosalice-Fidalgo-Pinheiro-DC441-Direito-Civil-D.pdf\">Resultado &#8211; Rosalice Fidalgo Pinheiro &#8211; DC441-Direito Civil D<\/a><\/p>\n<p><a href=\"https:\/\/direito.ufpr.br\/wp-content\/uploads\/2026\/07\/Resultado-Rui-Carlo-Dissenha-DP406-Pratica-Juridica-Penal.pdf\">Resultado &#8211; Rui Carlo Dissenha &#8211; DP406-Pr\u00e1tica Jur\u00eddica Penal<\/a><\/p>\n<p><a href=\"https:\/\/direito.ufpr.br\/wp-content\/uploads\/2026\/07\/Resultado-Rui-Carlo-Dissenha-DP430-Direito-Penal-C.pdf\">Resultado &#8211; Rui Carlo Dissenha &#8211; DP430-Direito Penal C<\/a><\/p>\n<p><a href=\"https:\/\/direito.ufpr.br\/wp-content\/uploads\/2026\/07\/Resultado-Sergio-Cruz-Arenhart-DC444-Direito-Processual-Civil-B.pdf\">Resultado &#8211; S\u00e9rgio Cruz Arenhart &#8211; DC444-Direito Processual Civil B<\/a><\/p>\n<p><a href=\"https:\/\/direito.ufpr.br\/wp-content\/uploads\/2026\/07\/Resultado-Thiago-de-Azevedo-Pinheiro-Hoshino-DV456-Metodologia-do-Trabalho-Cientifico.pdf\">Resultado &#8211; Thiago de Azevedo Pinheiro Hoshino &#8211; DV456-Metodologia do Trabalho Cient\u00edfico<\/a><\/p>\n<p><a href=\"https:\/\/direito.ufpr.br\/wp-content\/uploads\/2026\/07\/Resultado-Thiago-Freitas-Hansen-DV457-Teoria-do-Direito.pdf\">Resultado &#8211; Thiago Freitas Hansen &#8211; DV457-Teoria do Direito<\/a><\/p>\n<p><a href=\"https:\/\/direito.ufpr.br\/wp-content\/uploads\/2026\/07\/Resultado-Vicente-de-Paula-Ataide-Junior-DC112-Tutela-Jurisdicional-dos-Animais.pdf\">Resultado &#8211; Vicente de Paula Ataide J\u00fanior &#8211; DC112-Tutela Jurisdicional dos Animais<\/a><\/p>\n<p><a href=\"https:\/\/direito.ufpr.br\/wp-content\/uploads\/2026\/07\/Resultado-Vicente-de-Paula-Ataide-Junior-DC444-Direito-Processual-Civil-B.pdf\">Resultado &#8211; Vicente de Paula Ataide J\u00fanior &#8211; DC444-Direito Processual Civil B<\/a><\/p>\n<p><a href=\"https:\/\/direito.ufpr.br\/wp-content\/uploads\/2026\/07\/Resultado-Vinicius-Klein-DV463-Direito-Empresarial-B.pdf\">Resultado &#8211; Vin\u00edcius Klein &#8211; DV463-Direito Empresarial B<\/a><\/p>\n<p><a href=\"https:\/\/direito.ufpr.br\/wp-content\/uploads\/2026\/07\/Resultado-Walter-Guandalini-Junior-DV458-Historia-do-Direito-A.pdf\">Resultado &#8211; Walter Guandalini J\u00fanior &#8211; DV458-Hist\u00f3ria do Direito A<\/a><\/p>\n<p><a href=\"https:\/\/direito.ufpr.br\/wp-content\/uploads\/2026\/07\/Resultado-Walter-Guandalini-Junior-DV459-Historia-do-Direito-B.pdf\">Resultado &#8211; Walter Guandalini J\u00fanior &#8211; DV459-Hist\u00f3ria do Direito B<\/a><\/p>\n<p><a href=\"https:\/\/direito.ufpr.br\/wp-content\/uploads\/2026\/07\/Resultado-William-Soares-Pugliese-DC445-Direito-Processual-Civil-C.pdf\">Resultado &#8211; William Soares Pugliese &#8211; DC445-Direito Processual Civil C<\/a><\/p>\n","protected":false},"excerpt":{"rendered":"<p>Edital 03-2026-PROGRAP-COAPPE &#8211; Abertura do PIM Edital 05-2026-PROGRAP-COAPPE &#8211; Resultado Res 91-99-CEPE normas para o Programa de Monitoria Res 43-03-CEPE crit\u00e9rios para sele\u00e7\u00e3o de monitores REQUERIMENTO &#8211; INSCRI\u00c7\u00c3O EDITAIS DE SELE\u00c7\u00c3O as inscri\u00e7\u00f5es s\u00e3o realizadas conforme indicado no edital de sele\u00e7\u00e3o, no caso de avalia\u00e7\u00e3o na modalidade remota. Para as sele\u00e7\u00f5es presenciais, as inscri\u00e7\u00f5es podem [&hellip;]<\/p>\n","protected":false},"author":46,"featured_media":0,"comment_status":"open","ping_status":"open","sticky":false,"template":"","format":"standard","meta":{"_acf_changed":false,"_eb_attr":"","footnotes":""},"categories":[1],"tags":[],"class_list":["post-56220","post","type-post","status-publish","format-standard","hentry","category-sem-categoria"],"acf":[],"_links":{"self":[{"href":"https:\/\/direito.ufpr.br\/index.php?rest_route=\/wp\/v2\/posts\/56220","targetHints":{"allow":["GET"]}}],"collection":[{"href":"https:\/\/direito.ufpr.br\/index.php?rest_route=\/wp\/v2\/posts"}],"about":[{"href":"https:\/\/direito.ufpr.br\/index.php?rest_route=\/wp\/v2\/types\/post"}],"author":[{"embeddable":true,"href":"https:\/\/direito.ufpr.br\/index.php?rest_route=\/wp\/v2\/users\/46"}],"replies":[{"embeddable":true,"href":"https:\/\/direito.ufpr.br\/index.php?rest_route=%2Fwp%2Fv2%2Fcomments&post=56220"}],"version-history":[{"count":73,"href":"https:\/\/direito.ufpr.br\/index.php?rest_route=\/wp\/v2\/posts\/56220\/revisions"}],"predecessor-version":[{"id":56497,"href":"https:\/\/direito.ufpr.br\/index.php?rest_route=\/wp\/v2\/posts\/56220\/revisions\/56497"}],"wp:attachment":[{"href":"https:\/\/direito.ufpr.br\/index.php?rest_route=%2Fwp%2Fv2%2Fmedia&parent=56220"}],"wp:term":[{"taxonomy":"category","embeddable":true,"href":"https:\/\/direito.ufpr.br\/index.php?rest_route=%2Fwp%2Fv2%2Fcategories&post=56220"},{"taxonomy":"post_tag","embeddable":true,"href":"https:\/\/direito.ufpr.br\/index.php?rest_route=%2Fwp%2Fv2%2Ftags&post=56220"}],"curies":[{"name":"wp","href":"https:\/\/api.w.org\/{rel}","templated":true}]}}