{"id":6072,"date":"2016-12-23T09:36:09","date_gmt":"2016-12-23T11:36:09","guid":{"rendered":"https:\/\/direito.ufpr.br\/?post_type=noticias&#038;p=6072"},"modified":"2024-04-30T11:50:54","modified_gmt":"2024-04-30T14:50:54","slug":"atualizacao-de-dados-cadastrais-e-obrigatoria-para-alunos-da-graduacao","status":"publish","type":"post","link":"https:\/\/direito.ufpr.br\/?p=6072","title":{"rendered":"Atualiza\u00e7\u00e3o de dados cadastrais \u00e9 obrigat\u00f3ria para alunos da gradua\u00e7\u00e3o"},"content":{"rendered":"<p><a href=\"http:\/\/www.ufpr.br\/portalufpr\/blog\/noticias\/atualizacao-de-dados-cadastrais-e-obrigatorio-para-alunos-da-graduacao\/\"><img loading=\"lazy\" decoding=\"async\" class=\"attachment-noticias-thumb size-noticias-thumb wp-post-image\" src=\"http:\/\/www.ufpr.br\/portalufpr\/wp-content\/uploads\/2016\/12\/portal-do-aluno.jpg\" alt=\"portal-do-aluno\" width=\"580\" height=\"299\" \/><\/a><\/p>\n","protected":false},"excerpt":{"rendered":"","protected":false},"author":54,"featured_media":0,"comment_status":"closed","ping_status":"closed","sticky":false,"template":"","format":"standard","meta":{"_acf_changed":false,"_eb_attr":"","footnotes":""},"categories":[4,88],"tags":[],"class_list":["post-6072","post","type-post","status-publish","format-standard","hentry","category-direcao-2","category-editais-direcao"],"acf":[],"_links":{"self":[{"href":"https:\/\/direito.ufpr.br\/index.php?rest_route=\/wp\/v2\/posts\/6072","targetHints":{"allow":["GET"]}}],"collection":[{"href":"https:\/\/direito.ufpr.br\/index.php?rest_route=\/wp\/v2\/posts"}],"about":[{"href":"https:\/\/direito.ufpr.br\/index.php?rest_route=\/wp\/v2\/types\/post"}],"author":[{"embeddable":true,"href":"https:\/\/direito.ufpr.br\/index.php?rest_route=\/wp\/v2\/users\/54"}],"replies":[{"embeddable":true,"href":"https:\/\/direito.ufpr.br\/index.php?rest_route=%2Fwp%2Fv2%2Fcomments&post=6072"}],"version-history":[{"count":1,"href":"https:\/\/direito.ufpr.br\/index.php?rest_route=\/wp\/v2\/posts\/6072\/revisions"}],"predecessor-version":[{"id":11256,"href":"https:\/\/direito.ufpr.br\/index.php?rest_route=\/wp\/v2\/posts\/6072\/revisions\/11256"}],"wp:attachment":[{"href":"https:\/\/direito.ufpr.br\/index.php?rest_route=%2Fwp%2Fv2%2Fmedia&parent=6072"}],"wp:term":[{"taxonomy":"category","embeddable":true,"href":"https:\/\/direito.ufpr.br\/index.php?rest_route=%2Fwp%2Fv2%2Fcategories&post=6072"},{"taxonomy":"post_tag","embeddable":true,"href":"https:\/\/direito.ufpr.br\/index.php?rest_route=%2Fwp%2Fv2%2Ftags&post=6072"}],"curies":[{"name":"wp","href":"https:\/\/api.w.org\/{rel}","templated":true}]}}