{"id":9938,"date":"2017-03-27T13:04:05","date_gmt":"2017-03-27T16:04:05","guid":{"rendered":"https:\/\/direito.ufpr.br\/?post_type=noticias&#038;p=6272"},"modified":"2024-04-30T11:50:53","modified_gmt":"2024-04-30T14:50:53","slug":"aberto-as-incricoes-para-a-selecao-de-professor-substituto-direito-processual-civil","status":"publish","type":"post","link":"https:\/\/direito.ufpr.br\/?p=9938","title":{"rendered":"Edital n\u00b0170\/17-PROGEPE  &#8211;  Sele\u00e7\u00e3o de Professor Substituto &#8211; Direito Processual Civil"},"content":{"rendered":"<p style=\"text-align: center\"><strong>\u00c1rea de Conhecimento: Direito Processual Civil<\/strong><\/p>\n<p>&nbsp;<\/p>\n<p><a href=\"https:\/\/direito.ufpr.br\/wp-content\/uploads\/2017\/03\/edital107-17-1.pdf\">EDITAL N.\u00ba 107\/17 \u2013 PROGEPE<\/a>\u00a0(Edital de Abertura)<\/p>\n<p><a href=\"http:\/\/www.progepe.ufpr.br\/progepe\/concursos\/docente\/concursos_publicos\/testes_seletivos.html\">INSTRU\u00c7\u00d5ES\u00a0(no final da p\u00e1gina)<\/a><\/p>\n<p><a href=\"https:\/\/direito.ufpr.br\/wp-content\/uploads\/2017\/03\/Programa-Teste-Seletivo-Processo-Civil-2017-2.pdf\">Programa Teste Seletivo Processo Civil 2017<\/a><\/p>\n<p><a href=\"https:\/\/direito.ufpr.br\/wp-content\/uploads\/2017\/03\/Edital-homologa\u00e7\u00e3o-de-inscri\u00e7\u00f5es-Processo-Civil-1.pdf\">Homologa\u00e7\u00e3o das Inscri\u00e7\u00f5es (Publicado em 05\/04\/2017)<\/a><\/p>\n<p><a href=\"https:\/\/direito.ufpr.br\/wp-content\/uploads\/2017\/03\/Cronograma-Processo-Civil-Seletivo-2.pdf\">Cronograma (Publicado em 06\/04\/2017)<\/a><\/p>\n<p><a href=\"https:\/\/direito.ufpr.br\/wp-content\/uploads\/2017\/03\/Scanned-image-1.pdf\">Divulga\u00e7\u00e3o dos candidatos habilitados na prova de curr\u00edculo e sorteio do ponto para prova did\u00e1tica (Publicado em 17\/04\/2017)<\/a><\/p>\n<p><a href=\"https:\/\/direito.ufpr.br\/wp-content\/uploads\/2017\/03\/Resultado-Civil-1.pdf\">RESULTADO FINAL &#8211; Teste Seletivo Direito Processual Civil (Publicado em 18\/04\/2017)<\/a><\/p>\n","protected":false},"excerpt":{"rendered":"<p>\u00c1rea de Conhecimento: Direito Processual Civil &nbsp; EDITAL N.\u00ba 107\/17 \u2013 PROGEPE\u00a0(Edital de Abertura) INSTRU\u00c7\u00d5ES\u00a0(no final da p\u00e1gina) Programa Teste Seletivo Processo Civil 2017 Homologa\u00e7\u00e3o das Inscri\u00e7\u00f5es (Publicado em 05\/04\/2017) Cronograma (Publicado em 06\/04\/2017) Divulga\u00e7\u00e3o dos candidatos habilitados na prova de curr\u00edculo e sorteio do ponto para prova did\u00e1tica (Publicado em 17\/04\/2017) RESULTADO FINAL &#8211; [&hellip;]<\/p>\n","protected":false},"author":54,"featured_media":0,"comment_status":"closed","ping_status":"closed","sticky":false,"template":"","format":"standard","meta":{"_acf_changed":false,"_eb_attr":"","footnotes":""},"categories":[122,126],"tags":[],"class_list":["post-9938","post","type-post","status-publish","format-standard","hentry","category-concursos-publicos","category-direito-civil-e-processual-civil"],"acf":[],"_links":{"self":[{"href":"https:\/\/direito.ufpr.br\/index.php?rest_route=\/wp\/v2\/posts\/9938","targetHints":{"allow":["GET"]}}],"collection":[{"href":"https:\/\/direito.ufpr.br\/index.php?rest_route=\/wp\/v2\/posts"}],"about":[{"href":"https:\/\/direito.ufpr.br\/index.php?rest_route=\/wp\/v2\/types\/post"}],"author":[{"embeddable":true,"href":"https:\/\/direito.ufpr.br\/index.php?rest_route=\/wp\/v2\/users\/54"}],"replies":[{"embeddable":true,"href":"https:\/\/direito.ufpr.br\/index.php?rest_route=%2Fwp%2Fv2%2Fcomments&post=9938"}],"version-history":[{"count":3,"href":"https:\/\/direito.ufpr.br\/index.php?rest_route=\/wp\/v2\/posts\/9938\/revisions"}],"predecessor-version":[{"id":13331,"href":"https:\/\/direito.ufpr.br\/index.php?rest_route=\/wp\/v2\/posts\/9938\/revisions\/13331"}],"wp:attachment":[{"href":"https:\/\/direito.ufpr.br\/index.php?rest_route=%2Fwp%2Fv2%2Fmedia&parent=9938"}],"wp:term":[{"taxonomy":"category","embeddable":true,"href":"https:\/\/direito.ufpr.br\/index.php?rest_route=%2Fwp%2Fv2%2Fcategories&post=9938"},{"taxonomy":"post_tag","embeddable":true,"href":"https:\/\/direito.ufpr.br\/index.php?rest_route=%2Fwp%2Fv2%2Ftags&post=9938"}],"curies":[{"name":"wp","href":"https:\/\/api.w.org\/{rel}","templated":true}]}}